{"id":7738,"date":"2026-01-23T09:10:49","date_gmt":"2026-01-23T12:10:49","guid":{"rendered":"https:\/\/circuitosalta.com.ar\/?p=7738"},"modified":"2026-01-23T09:10:51","modified_gmt":"2026-01-23T12:10:51","slug":"fitur-2026-refuerza-su-liderazgo-como-plataforma-global-del-turismo-con-mas-de-160-paises-y-10-000-empresas","status":"publish","type":"post","link":"https:\/\/circuitosalta.com.ar\/?p=7738","title":{"rendered":"FITUR 2026 refuerza su liderazgo como plataforma global del turismo con m\u00e1s de 160 pa\u00edses y 10.000 empresas"},"content":{"rendered":"\n<p><strong><em>M\u00e9xico participa como Pa\u00eds Socio en una edici\u00f3n que re\u00fane a 967 expositores titulares, creciendo un 11% en participaci\u00f3n internacional.<\/em><\/strong><\/p>\n\n\n\n<p>El Pabell\u00f3n del Conocimiento, FITUR Experience y la I Cumbre Internacional de Comunicaci\u00f3n y Turismo protagonizan las novedades de una 46\u00aa edici\u00f3n que sit\u00faa a FITUR como la feria l\u00edder mundial.<\/p>\n\n\n\n<p>Madrid vuelve a situarse en el epicentro del turismo mundial con la celebraci\u00f3n de la&nbsp;<strong>Feria Internacional del Turismo (FITUR)<\/strong>, organizada por&nbsp;<strong>IFEMA MADRID<\/strong>&nbsp;del&nbsp;<strong>21 al 25 de enero de 2026<\/strong>. En su 46\u00aa edici\u00f3n, FITUR se consolida como la plataforma global del sector y se define por su apuesta por el conocimiento y el fortalecimiento de su dimensi\u00f3n internacional.<\/p>\n\n\n\n<p>As\u00ed lo subrayan las cifras presentadas en rueda de prensa:&nbsp;<strong>9 pabellones<\/strong>,&nbsp;<strong>10.000 empresas representadas<\/strong>&nbsp;de&nbsp;<strong>161 pa\u00edses<\/strong>,<strong>&nbsp;111 de ellos con representaci\u00f3n oficial<\/strong>&nbsp;-10 m\u00e1s que en la pasada edici\u00f3n- y&nbsp;<strong>967<\/strong>&nbsp;<strong>expositores titulares<\/strong>.<\/p>\n\n\n\n<p>Se incorporan&nbsp;<strong>18 pa\u00edses a FITUR 2026<\/strong>, procedentes sobre todo de&nbsp;<strong>\u00c1frica<\/strong>&nbsp;y&nbsp;<strong>Asia-Pac\u00edfico<\/strong>, regiones que, seg\u00fan&nbsp;<strong>ONU Turismo<\/strong>, lideraron el&nbsp;<strong>crecimiento mundial<\/strong>&nbsp;con +10% y +8% en llegadas, respectivamente, e&nbsp;<strong>incrementos en FITUR<\/strong>&nbsp;del 34% y 22% de superficie expositiva. Entre los nuevos destinos participantes, se encuentran&nbsp;<strong>Abu Dabi<\/strong>,&nbsp;<strong>Dub\u00e1i<\/strong>,&nbsp;<strong>Zanz\u00edbar<\/strong>&nbsp;y&nbsp;<strong>regiones de Alemania<\/strong>&nbsp;y&nbsp;<strong>Reino Unido<\/strong>, entre otros.<\/p>\n\n\n\n<p><strong>Jos\u00e9 Vicente de los Mozos<\/strong>, presidente del Comit\u00e9 Ejecutivo de&nbsp;<strong>IFEMA MADRID<\/strong>, ha afirmado que&nbsp;<em>\u201cestas cifras reafirman el papel de FITUR como el punto de encuentro de referencia del mercado global del turismo, reflejando la fortaleza y madurez de una industria en expansi\u00f3n. Madrid vuelve a ser el epicentro del di\u00e1logo global del turismo, proyectando la capacidad de Espa\u00f1a para liderar la atracci\u00f3n de viajeros y para generar tendencias y oportunidades que impulsan el turismo del futuro a escala mundial\u201d<\/em>.<\/p>\n\n\n\n<p>Los datos de&nbsp;<strong>FITUR 2026<\/strong>&nbsp;confirman el excelente momento del sector tur\u00edstico. \u201c<em>Con M\u00e9xico como Pa\u00eds Invitado y Espa\u00f1a como anfitri\u00f3n y sede de ONU Turismo, FITUR se consolida como un punto de encuentro internacional para definir el rumbo del turismo en una etapa de crecimiento sostenido. Los m\u00e1s de 1.100 millones de viajes registrados hasta septiembre y el aumento del 5<\/em><em>\u202f<\/em><em>% en llegadas durante 2025 reflejan la solidez de un sector llamado a generar empleo, impulsar la innovaci\u00f3n y contribuir de manera directa al bienestar social y al desarrollo sostenible de las comunidades<\/em>\u201d, ha destacado la secretaria general de&nbsp;<strong>ONU Turismo<\/strong>,&nbsp;<strong>Sheika Alnuwais<\/strong>.<\/p>\n\n\n\n<p>Por su parte, y en clave Espa\u00f1a, la&nbsp;<strong>secretaria de Estado de Turismo<\/strong>,&nbsp;<strong>Rosario S\u00e1nchez<\/strong>, ha puesto de relieve que \u201cesta edici\u00f3n de FITUR es el mejor escaparate para que Espa\u00f1a muestre su liderazgo internacional en turismo, que no se sostiene \u00fanicamente en su gran n\u00famero de visitantes y su gran atractivo cultural y natural, sino tambi\u00e9n por la gran capacidad de gesti\u00f3n e innovaci\u00f3n de su sector tur\u00edstico. Espa\u00f1a est\u00e1 impulsando un proceso de transformaci\u00f3n global hacia un modelo tur\u00edstico que asegure su futuro a trav\u00e9s de la sostenibilidad econ\u00f3mica, social y ambiental, para mantenerse as\u00ed como un motor de desarrollo econ\u00f3mico responsable y redistributivo, que siga generando oportunidades y bienestar a la sociedad y a la ciudadan\u00eda\u201d.<\/p>\n\n\n\n<h2 class=\"wp-block-heading\"><strong>El Pabell\u00f3n del Conocimiento, FITUR Experience y MICE Summit, novedades clave<\/strong><\/h2>\n\n\n\n<p>En este contexto de fortaleza de la industria,&nbsp;<strong>FITUR 2026<\/strong>&nbsp;anuncia grandes novedades con la vocaci\u00f3n de que no solo sea la mayor feria del turismo por participantes y visitantes, sino que sea el&nbsp;<strong>gran foro mundial donde se debate el futuro del sector<\/strong>.<\/p>\n\n\n\n<p>As\u00ed, se inaugura el&nbsp;<strong>Pabell\u00f3n del Conocimiento<\/strong>, ubicado en el Pabell\u00f3n 12 y abierto las jornadas profesionales \u2014de mi\u00e9rcoles a viernes\u2014. Un espacio concebido como&nbsp;<strong>centro estrat\u00e9gico del conocimiento tur\u00edstico<\/strong>, con&nbsp;<strong>8 auditorios<\/strong>,&nbsp;<strong>10 programas de conferencias<\/strong>,&nbsp;<strong>m\u00e1s de 200 sesiones<\/strong>&nbsp;y&nbsp;<strong>m\u00e1s de 250 ponentes de primer nivel<\/strong>.<\/p>\n\n\n\n<p>Adem\u00e1s, el Pabell\u00f3n del Conocimiento acoger\u00e1 m\u00e1s novedades clave de la 46\u00aa edici\u00f3n: la nueva secci\u00f3n&nbsp;<strong>FITUR Experience<\/strong>, que pondr\u00e1 el foco en c\u00f3mo el turismo de experiencias se ha consolidado como una de las din\u00e1micas m\u00e1s transformadoras del sector; y la&nbsp;<strong>I Cumbre Internacional de Comunicaci\u00f3n y Turismo<\/strong>, que abordar\u00e1 los retos de la comunicaci\u00f3n tur\u00edstica junto a expertos en verificaci\u00f3n informativa y l\u00edderes del sector p\u00fablico y privado. Destaca asimismo en este Pabell\u00f3n el \u00e1rea de&nbsp;<strong>Travel Technology<\/strong>, que duplica su superficie y re\u00fane a&nbsp;<strong>m\u00e1s de 190 empresas l\u00edderes en la digitalizaci\u00f3n de toda la cadena de valor de la industria tur\u00edstica<\/strong>.<\/p>\n\n\n\n<p>En este sentido,&nbsp;<strong>Marco Sansavini<\/strong>, presidente del Comit\u00e9 Organizador de&nbsp;<strong>FITUR<\/strong>&nbsp;e&nbsp;<strong>Iberia<\/strong>, ha destacado que \u201c<em>FITUR no es \u00fanicamente una feria. FITUR es, desde hace d\u00e9cadas, la gran plataforma global de negocio del sector tur\u00edstico, el lugar donde se generan oportunidades, se fortalecen lazos estrat\u00e9gicos y se definen las prioridades de una industria clave para el desarrollo econ\u00f3mico y social de Espa\u00f1a, y de todos los pa\u00edses que participan<\/em>\u201d.<\/p>\n\n\n\n<h2 class=\"wp-block-heading\"><strong>M\u00e1s de 250.000 visitantes y 487 millones de impacto econ\u00f3mico para Madrid<\/strong><\/h2>\n\n\n\n<p>La destacada acogida del sector a&nbsp;<strong>FITUR 2026<\/strong>&nbsp;apunta a una elevada afluencia de visitantes, con&nbsp;<strong>previsiones que superan los 250.000 profesionales y viajeros<\/strong>. Esta previsi\u00f3n, junto con los datos de participaci\u00f3n de empresas y destinos, son reflejo del&nbsp;<strong>dinamismo que FITUR causa en la regi\u00f3n de Madrid<\/strong>, con un&nbsp;<strong>impacto econ\u00f3mico&nbsp;<\/strong>que, en la edici\u00f3n anterior, alcanz\u00f3 los<strong>&nbsp;487 millones de euros<\/strong>.<\/p>\n\n\n\n<p>La&nbsp;<strong>Comunidad de Madrid<\/strong>&nbsp;se presenta como un \u201caliado s\u00f3lido\u201d para el sector tur\u00edstico en la 46\u00aa edici\u00f3n de FITUR. As\u00ed lo ha manifestado hoy el consejero de Cultura, Turismo y Deporte,&nbsp;<strong>Mariano de Paco<\/strong>, que ha puesto de manifiesto que el Gobierno regional \u201ccree en el sector tur\u00edstico, lo respalda con pol\u00edticas p\u00fablicas y entiende que, cuando funciona, toda la regi\u00f3n gana\u201d. Por ello, \u201c<em>contin\u00faa trabajando con una estrategia que act\u00faa como hoja de ruta que ofrece seguridad, estabilidad y visi\u00f3n a largo plazo para el sector y llega a FITUR 2026 con una situaci\u00f3n de r\u00e9cord hist\u00f3rico al alcanzar ya el 8,7% del PIB regional con impacto fiscal que alcanza casi 10.000 millones de euros en ingresos fiscales, una cifra que constituye un pilar fundamental para la financiaci\u00f3n de los servicios p\u00fablicos de la regi\u00f3n<\/em>\u201d.<\/p>\n\n\n\n<p>La concejal delegada de Turismo del&nbsp;<strong>Ayuntamiento de Madrid<\/strong>,&nbsp;<strong>Almudena Ma\u00edllo<\/strong>, ha destacado que \u00ab<em>con esta nueva edici\u00f3n, FITUR abre un 2026 muy apasionante para el turismo de Madrid. \u00abFITUR consolida a la ciudad como la capital del turismo, en la que se piensa y se dise\u00f1a el futuro del sector de una manera responsable<\/em>\u201d. En este sentido, Ma\u00edllo ha subrayado que \u201c<em>la incorporaci\u00f3n del nuevo Pabell\u00f3n del Conocimiento refuerza el liderazgo de Madrid como centro de las tendencias, la innovaci\u00f3n y la inteligencia en destino<\/em>\u201d.<\/p>\n\n\n\n<h2 class=\"wp-block-heading\"><strong>M\u00e9xico, Pa\u00eds Socio de FITUR 2026<\/strong><\/h2>\n\n\n\n<p>Entre las novedades de 2026 destaca tambi\u00e9n la participaci\u00f3n de&nbsp;<strong>M\u00e9xico<\/strong>&nbsp;<strong>como Pa\u00eds Socio<\/strong>, que realizar\u00e1 un espectacular despliegue en la Feria en un contexto de crecimiento tur\u00edstico en el pa\u00eds, del 13,9% de enero a septiembre de 2025, seg\u00fan datos de&nbsp;<strong>Sectur,<\/strong>&nbsp;y con el objetivo de&nbsp;<strong>escalar del sexto al quinto pa\u00eds m\u00e1s visitado del mundo<\/strong>.<\/p>\n\n\n\n<p><strong>Miguel Agui\u00f1iga Rodriguez<\/strong>, titular de la Unidad de Innovaci\u00f3n, Sustentabilidad y Profesionalizaci\u00f3n Tur\u00edstica de la&nbsp;<strong>Secretar\u00eda de Turismo de M\u00e9xico<\/strong>, ha puesto el acento en que \u201c<em>esta delegaci\u00f3n de m\u00e1s de 800 mexicanos no es solo un n\u00famero r\u00e9cord; es el reflejo del alma unida de M\u00e9xico, que llega a Madrid para mostrar al mundo su inmensa riqueza y su inigualable potencial tur\u00edstico<\/em>\u201d.<\/p>\n\n\n\n<h2 class=\"wp-block-heading\"><strong>Sostenibilidad y diversificaci\u00f3n en las once secciones de FITUR 2026&nbsp;<\/strong><\/h2>\n\n\n\n<p>Un a\u00f1o m\u00e1s,&nbsp;<strong>FITUR 2026<\/strong>&nbsp;volver\u00e1 a conectar a la industria tur\u00edstica con otras actividades, as\u00ed como a abordar los retos sectoriales en sus&nbsp;<strong>11 secciones<\/strong>&nbsp;(<a href=\"https:\/\/www.ifema.es\/fitur\/horario-actividades\">programa completo aqu\u00ed<\/a>):<\/p>\n\n\n\n<ul class=\"wp-block-list\">\n<li><a href=\"mailto:https:\/\/www.ifema.es\/fitur\/noticias\/lanzamiento-4all-26\"><strong>FITUR 4all<\/strong><\/a>, en el pabell\u00f3n 10.<\/li>\n\n\n\n<li><a href=\"https:\/\/www.ifema.es\/fitur\/noticias\/lanzamiento-fitur-cruises-25\"><strong>FITUR Cruises<\/strong><\/a>, en el pabell\u00f3n 4.<\/li>\n\n\n\n<li><a href=\"https:\/\/www.ifema.es\/fitur\/noticias\/nueva-seccion-experiencias-turismo\"><strong>FITUR Experience<\/strong><\/a><strong>,<\/strong>\u00a0en el pabell\u00f3n 12.<\/li>\n\n\n\n<li><a href=\"https:\/\/www.ifema.es\/fitur\/noticias\/know-how--export-lanzamiento\"><strong>FITUR Know-How &amp; Export<\/strong><\/a>, en el pabell\u00f3n 12.<\/li>\n\n\n\n<li><a href=\"https:\/\/www.ifema.es\/fitur\/noticias\/lanzamiento-2025\"><strong>FITUR LGTB+<\/strong><\/a>, en el pabell\u00f3n 9.<\/li>\n\n\n\n<li><a href=\"https:\/\/www.ifema.es\/fitur\/noticias\/lingua-lanzamiento-26\"><strong>FITUR Lingua<\/strong><\/a>, en el pabell\u00f3n 10.<\/li>\n\n\n\n<li><a href=\"https:\/\/www.ifema.es\/fitur\/noticias\/screen-lanzamiento-26\"><strong>FITUR Screen<\/strong><\/a>, en el pabell\u00f3n 10.<\/li>\n\n\n\n<li><a href=\"https:\/\/www.ifema.es\/fitur\/noticias\/lanzamiento-fitur-spotrs-25\"><strong>FITUR Sports<\/strong><\/a>, en el pabell\u00f3n 12.<\/li>\n\n\n\n<li><a href=\"https:\/\/www.ifema.es\/fitur\/noticias\/talent-lanzamiento-2025\"><strong>FITUR Talent<\/strong><\/a>, en el pabell\u00f3n 12.<\/li>\n\n\n\n<li><a href=\"https:\/\/www.ifema.es\/fitur\/noticias\/lanzamiento-fitur-techy-26\"><strong>FITUR TechY<\/strong><\/a>, en el pabell\u00f3n 12.<\/li>\n\n\n\n<li><a href=\"https:\/\/www.ifema.es\/fitur\/noticias\/woman-turismo-inversion-empoderamiento\"><strong>FITUR Woman<\/strong><\/a>, en el pabell\u00f3n 10.<\/li>\n\n\n\n<li><a href=\"https:\/\/www.ifema.es\/fitur-next\"><strong>Observatorio de Sostenibilidad<\/strong>,\u00a0<strong>FITURNEXT<\/strong><\/a>, en el pabell\u00f3n 12.<\/li>\n<\/ul>\n\n\n\n<figure class=\"wp-block-image size-full\"><a href=\"https:\/\/www.ifema.es\/fitur\/noticias\/presentacion-2026\" target=\"_blank\" rel=\"noreferrer noopener\"><img decoding=\"async\" width=\"198\" height=\"74\" src=\"https:\/\/circuitosalta.com.ar\/wp-content\/uploads\/2026\/01\/Captura-de-pantalla_23-1-2026_8446_www.ifema_.es_.jpeg\" alt=\"\" class=\"wp-image-7739\"\/><\/a><\/figure>\n","protected":false},"excerpt":{"rendered":"<p>M\u00e9xico participa como Pa\u00eds Socio en una edici\u00f3n que re\u00fane a 967 expositores titulares, creciendo un 11% en participaci\u00f3n internacional. El Pabell\u00f3n del Conocimiento, FITUR Experience y la I Cumbre Internacional de Comunicaci\u00f3n y Turismo protagonizan las novedades de una 46\u00aa edici\u00f3n que sit\u00faa a FITUR como la feria l\u00edder mundial. Madrid vuelve a situarse [&hellip;]<\/p>\n","protected":false},"author":1,"featured_media":7740,"comment_status":"open","ping_status":"open","sticky":false,"template":"","format":"standard","meta":{"tdm_status":"","tdm_grid_status":"","footnotes":""},"categories":[16],"tags":[],"class_list":{"0":"post-7738","1":"post","2":"type-post","3":"status-publish","4":"format-standard","5":"has-post-thumbnail","7":"category-ferias-y-congresos"},"_links":{"self":[{"href":"https:\/\/circuitosalta.com.ar\/index.php?rest_route=\/wp\/v2\/posts\/7738"}],"collection":[{"href":"https:\/\/circuitosalta.com.ar\/index.php?rest_route=\/wp\/v2\/posts"}],"about":[{"href":"https:\/\/circuitosalta.com.ar\/index.php?rest_route=\/wp\/v2\/types\/post"}],"author":[{"embeddable":true,"href":"https:\/\/circuitosalta.com.ar\/index.php?rest_route=\/wp\/v2\/users\/1"}],"replies":[{"embeddable":true,"href":"https:\/\/circuitosalta.com.ar\/index.php?rest_route=%2Fwp%2Fv2%2Fcomments&post=7738"}],"version-history":[{"count":1,"href":"https:\/\/circuitosalta.com.ar\/index.php?rest_route=\/wp\/v2\/posts\/7738\/revisions"}],"predecessor-version":[{"id":7741,"href":"https:\/\/circuitosalta.com.ar\/index.php?rest_route=\/wp\/v2\/posts\/7738\/revisions\/7741"}],"wp:featuredmedia":[{"embeddable":true,"href":"https:\/\/circuitosalta.com.ar\/index.php?rest_route=\/wp\/v2\/media\/7740"}],"wp:attachment":[{"href":"https:\/\/circuitosalta.com.ar\/index.php?rest_route=%2Fwp%2Fv2%2Fmedia&parent=7738"}],"wp:term":[{"taxonomy":"category","embeddable":true,"href":"https:\/\/circuitosalta.com.ar\/index.php?rest_route=%2Fwp%2Fv2%2Fcategories&post=7738"},{"taxonomy":"post_tag","embeddable":true,"href":"https:\/\/circuitosalta.com.ar\/index.php?rest_route=%2Fwp%2Fv2%2Ftags&post=7738"}],"curies":[{"name":"wp","href":"https:\/\/api.w.org\/{rel}","templated":true}]}}