{"id":7742,"date":"2026-01-23T09:52:15","date_gmt":"2026-01-23T12:52:15","guid":{"rendered":"https:\/\/circuitosalta.com.ar\/?p=7742"},"modified":"2026-01-27T10:29:31","modified_gmt":"2026-01-27T13:29:31","slug":"presentaron-la-agenda-salta-re-salta-en-carnaval-con-mas-de-165-actividades-en-toda-la-provincia","status":"publish","type":"post","link":"https:\/\/circuitosalta.com.ar\/?p=7742","title":{"rendered":"Presentaron la agenda \u201cSalta Re Salta en Carnaval\u201d con m\u00e1s de 165 actividades en toda la provincia"},"content":{"rendered":"\n<p><strong><em>La propuesta re\u00fane celebraciones de 27 municipios y pone en valor la diversidad cultural, art\u00edstica y comunitaria del Carnaval salte\u00f1o, a trav\u00e9s de un trabajo articulado entre el Ministerio de Turismo y Deportes y los gobiernos locales.<\/em><\/strong><\/p>\n\n\n\n<p>El&nbsp;<strong>Ministerio de Turismo y Deportes<\/strong>&nbsp;present\u00f3 oficialmente la agenda&nbsp;<strong>\u00abSalta Re Salta en Carnaval\u00bb<\/strong>, un calendario que re\u00fane m\u00e1s de 165 actividades previstas en 27 municipios de la provincia, reflejando la amplitud y diversidad de expresiones culturales que caracterizan a esta celebraci\u00f3n popular. El calendario completo de se puede consultar en el sitio oficial&nbsp;<a href=\"https:\/\/calendar.turismosalta.gov.ar\/\">https:\/\/calendar.turismosalta.gov.ar\/<\/a>.<\/p>\n\n\n<div class=\"wp-block-image\">\n<figure class=\"alignleft is-resized\"><a href=\"https:\/\/www.salta.gob.ar\/public\/images\/noticias\/contenidos\/21630-presentaron-la-agenda-salta-re-salta-en-carnaval.webp\"><img decoding=\"async\" src=\"https:\/\/www.salta.gob.ar\/public\/images\/noticias\/contenidos\/21630-presentaron-la-agenda-salta-re-salta-en-carnaval.webp\" alt=\"Presentaron la agenda \u201cSalta Re Salta en Carnaval\u201d\" style=\"width:363px;height:auto\"\/><\/a><\/figure><\/div>\n\n\n<p>La presentaci\u00f3n estuvo encabezada por la secretaria de Turismo,&nbsp;<strong>Nadia Loza<\/strong>, quien destac\u00f3 la importancia del Carnaval como una expresi\u00f3n viva de la identidad salte\u00f1a y como un eje que fortalece el turismo en todo el territorio provincial. \u201cEl Carnaval es una de las manifestaciones culturales m\u00e1s aut\u00e9nticas de Salta, que se vive con identidad, tradici\u00f3n y una fuerte participaci\u00f3n comunitaria. Esta agenda refleja el trabajo conjunto con los municipios y el compromiso de las comunidades por mantener vivas sus celebraciones\u201d, expres\u00f3 la funcionaria.<\/p>\n\n\n\n<p>Asimismo, Nadia Loza remarc\u00f3 que \u201ceste calendario es el resultado de una construcci\u00f3n colectiva, donde cada municipio aporta su identidad y sus tradiciones, generando propuestas que fortalecen la cultura local y, al mismo tiempo, impulsan el turismo y el desarrollo regional\u201d.<br>&nbsp;<\/p>\n\n\n\n<p>Salta se distingue por la fuerza y el color de su carnaval tradicional, pero tambi\u00e9n por la diversidad de expresiones que conviven en esta celebraci\u00f3n. Carpas tradicionales y modernas, corsos, bailes populares, encuentros comunitarios y m\u00faltiples manifestaciones culturales se desarrollan en distintos puntos de la provincia, conformando un calendario amplio y representativo de las fiestas populares.<\/p>\n\n\n\n<p>Estas celebraciones reflejan la riqueza cultural de cada municipio y el compromiso de sus comunidades, generando espacios de encuentro, identidad y disfrute colectivo. En este marco, el Carnaval se presenta no solo como una festividad, sino como una expresi\u00f3n cultural que integra historia, m\u00fasica, danza y participaci\u00f3n popular, invitando a salte\u00f1os y visitantes a vivir experiencias aut\u00e9nticas en toda la provincia.<\/p>\n\n\n\n<p>Al finalizar la presentaci\u00f3n, los presentes pudieron disfrutar de expresiones art\u00edsticas en vivo, con la participaci\u00f3n de comparsas que transmitieron la alegr\u00eda, el color y la fuerza del Carnaval, anticipando el esp\u00edritu festivo que se vivir\u00e1 en los distintos municipios de la provincia.<\/p>\n\n\n\n<figure class=\"wp-block-image\"><a href=\"https:\/\/www.salta.gob.ar\/public\/images\/noticias\/contenidos\/21631-presentaron-la-agenda-salta-re-salta-en-carnaval-con-mas-de-165-actividades-en-toda-la-provincia.webp\"><img decoding=\"async\" src=\"https:\/\/www.salta.gob.ar\/public\/images\/noticias\/contenidos\/21631-presentaron-la-agenda-salta-re-salta-en-carnaval-con-mas-de-165-actividades-en-toda-la-provincia.webp\" alt=\"Presentaron la agenda \u201cSalta Re Salta en Carnaval\u201d con m\u00e1s de 165 actividades en toda la provincia\"\/><\/a><\/figure>\n\n\n\n<p><strong>Agenda provincial de actividades de Carnaval<\/strong><\/p>\n\n\n\n<p>Entre las actividades destacadas se encuentran los Corsos Vallistos de Animan\u00e1; la 120\u00b0 edici\u00f3n del Corso de Flores y Carnaval en El Cha\u00f1arcitode Cerrillos; el Ablande del Carnaval de Anta\u00f1o y los Corsos de la Familia de La Caldera; el Entierro del Carnaval de La Vi\u00f1a; el Ablande del Carnaval de Molinos; el Carnaval Kallchaki y el Carnaval de Anta\u00f1o de Cachi; el Carnaval Serenatero de Cafayate; y el Carnaval de Anta\u00f1o de Payogasta.<\/p>\n\n\n\n<p>Tambi\u00e9n forman parte de la agenda los Corsos de la Familia con los Mu\u00f1equitos de Carlitos Meli\u00e1n, la Pe\u00f1a y Feria del Carnaval de San Lorenzo; los Corsos de la Alegr\u00eda de Vaqueros; el Carnaval en Viaducto El Toro y el Desentierro del Carnaval de Campo Quijano; el Jueves de Comadres de Campo Santo; el Corso de la Tradici\u00f3n, el Corso Infantil y de las Mascotas de Chicoana; los Corsos Molde\u00f1os de Coronel Moldes; los Carnavales Tradicionales de El Jard\u00edn; el Gran Carnaval de los Clubes de Guachipas; y el Desentierro del Carnaval y el Corso Color de Met\u00e1n.<\/p>\n\n\n\n<p>La agenda se completa con los Corsos Color Or\u00e1n 2026, el Carnaval de los Consagrados y el Baile de la Pinturita de Or\u00e1n; La Chaya Rosarina de Rosario de la Frontera; el Desentierro del Carnaval de Rosario de Lerma; los Corsos de la Ciudad y la Casa de Severo B\u00e1ez del Centro de Residentes Vallistos y Pune\u00f1os en la ciudad de Salta; la 1\u00b0 Carpa de la Familia de Seclant\u00e1s; los Corsos Color y el Arete Guaz\u00fa Guaran\u00ed, Fiesta Grande de Tartagal; el 27\u00b0 Encuentro de Integraci\u00f3n Cultural Provincial y el Desentierro del Carnaval Andino de San Antonio de los Cobres; y el Corso y Baile en El Tunal y el Baile de Carnaval en Los Rosales, en El Galp\u00f3n.<\/p>\n\n\n\n<p>Estas son solo algunas de las actividad de Salta Re Salta en Carnaval que se puede consultar en destalle ingresando al sitio oficial&nbsp;<a href=\"https:\/\/calendar.turismosalta.gov.ar\/\">https:\/\/calendar.turismosalta.gov.ar\/<\/a>.<\/p>\n\n\n\n<p><strong>50 a\u00f1os de la C\u00e1mara de Turismo de Salta<\/strong><\/p>\n\n\n\n<p>En el marco del lanzamiento, se destac\u00f3 especialmente el 50\u00b0 aniversario de la C\u00e1mara de Turismo de Salta, que celebra cinco d\u00e9cadas de trayectoria acompa\u00f1ando el crecimiento y la consolidaci\u00f3n del turismo en la provincia. A lo largo de estos a\u00f1os, la instituci\u00f3n ha fortalecido v\u00ednculos, impulsado iniciativas y acompa\u00f1ado cada etapa de la evoluci\u00f3n tur\u00edstica de Salta.<\/p>\n\n\n\n<p>Este aniversario no solo reconoce una historia de trabajo y compromiso, sino que reafirma la importancia de continuar construyendo, de manera articulada, un turismo sostenible, inclusivo y con identidad, que siga posicionando a Salta como uno de los destinos m\u00e1s elegidos del pa\u00eds.<br>&nbsp;<\/p>\n\n\n\n<hr class=\"wp-block-separator has-alpha-channel-opacity\"\/>\n\n\n\n<p>Fuente:&nbsp;<strong>Secretar\u00eda de Prensa y Comunicaci\u00f3n<\/strong><\/p>\n","protected":false},"excerpt":{"rendered":"<p>La propuesta re\u00fane celebraciones de 27 municipios y pone en valor la diversidad cultural, art\u00edstica y comunitaria del Carnaval salte\u00f1o, a trav\u00e9s de un trabajo articulado entre el Ministerio de Turismo y Deportes y los gobiernos locales. El&nbsp;Ministerio de Turismo y Deportes&nbsp;present\u00f3 oficialmente la agenda&nbsp;\u00abSalta Re Salta en Carnaval\u00bb, un calendario que re\u00fane m\u00e1s de [&hellip;]<\/p>\n","protected":false},"author":1,"featured_media":7743,"comment_status":"open","ping_status":"open","sticky":false,"template":"","format":"standard","meta":{"tdm_status":"","tdm_grid_status":"","footnotes":""},"categories":[15],"tags":[],"class_list":{"0":"post-7742","1":"post","2":"type-post","3":"status-publish","4":"format-standard","5":"has-post-thumbnail","7":"category-provincial"},"_links":{"self":[{"href":"https:\/\/circuitosalta.com.ar\/index.php?rest_route=\/wp\/v2\/posts\/7742"}],"collection":[{"href":"https:\/\/circuitosalta.com.ar\/index.php?rest_route=\/wp\/v2\/posts"}],"about":[{"href":"https:\/\/circuitosalta.com.ar\/index.php?rest_route=\/wp\/v2\/types\/post"}],"author":[{"embeddable":true,"href":"https:\/\/circuitosalta.com.ar\/index.php?rest_route=\/wp\/v2\/users\/1"}],"replies":[{"embeddable":true,"href":"https:\/\/circuitosalta.com.ar\/index.php?rest_route=%2Fwp%2Fv2%2Fcomments&post=7742"}],"version-history":[{"count":1,"href":"https:\/\/circuitosalta.com.ar\/index.php?rest_route=\/wp\/v2\/posts\/7742\/revisions"}],"predecessor-version":[{"id":7744,"href":"https:\/\/circuitosalta.com.ar\/index.php?rest_route=\/wp\/v2\/posts\/7742\/revisions\/7744"}],"wp:featuredmedia":[{"embeddable":true,"href":"https:\/\/circuitosalta.com.ar\/index.php?rest_route=\/wp\/v2\/media\/7743"}],"wp:attachment":[{"href":"https:\/\/circuitosalta.com.ar\/index.php?rest_route=%2Fwp%2Fv2%2Fmedia&parent=7742"}],"wp:term":[{"taxonomy":"category","embeddable":true,"href":"https:\/\/circuitosalta.com.ar\/index.php?rest_route=%2Fwp%2Fv2%2Fcategories&post=7742"},{"taxonomy":"post_tag","embeddable":true,"href":"https:\/\/circuitosalta.com.ar\/index.php?rest_route=%2Fwp%2Fv2%2Ftags&post=7742"}],"curies":[{"name":"wp","href":"https:\/\/api.w.org\/{rel}","templated":true}]}}