{"id":7760,"date":"2026-01-30T11:03:35","date_gmt":"2026-01-30T14:03:35","guid":{"rendered":"https:\/\/circuitosalta.com.ar\/?p=7760"},"modified":"2026-01-30T11:03:37","modified_gmt":"2026-01-30T14:03:37","slug":"salta-emprende-vuelve-con-una-jornada-clave-para-potenciar-ideas-y-negocios","status":"publish","type":"post","link":"https:\/\/circuitosalta.com.ar\/?p=7760","title":{"rendered":"\u201cSalta Emprende\u201d vuelve con una jornada clave para potenciar ideas y negocios"},"content":{"rendered":"\n<p><strong><em>El encuentro ser\u00e1 el viernes 6 de febrero, desde las 17, en el Distrito Cultural \u00abDino\u00bb Saluzzi. El objetivo es brindar herramientas en marketing e inteligencia artificial, adem\u00e1s, compartir casos de \u00e9xito que inspiren a los proyectos locales. Las inscripciones comienzan el lunes 2 de febrero.<\/em><\/strong><\/p>\n\n\n\n<p>La Municipalidad de Salta pone en marcha \u201cSalta Emprende\u201d, una iniciativa que busca acompa\u00f1ar y fortalecer a quienes est\u00e1n dando sus primeros pasos o ya transitan el camino del emprendedurismo.&nbsp;<\/p>\n\n\n\n<figure class=\"wp-block-embed alignright is-type-video is-provider-youtube wp-block-embed-youtube wp-embed-aspect-16-9 wp-has-aspect-ratio\"><div class=\"wp-block-embed__wrapper\">\n<iframe title=\"\u201cSalta Emprende\u201d vuelve con una jornada clave para potenciar ideas y negocios\" width=\"696\" height=\"392\" src=\"https:\/\/www.youtube.com\/embed\/hTkWkgM7tmk?feature=oembed\" frameborder=\"0\" allow=\"accelerometer; autoplay; clipboard-write; encrypted-media; gyroscope; picture-in-picture; web-share\" referrerpolicy=\"strict-origin-when-cross-origin\" allowfullscreen><\/iframe>\n<\/div><\/figure>\n\n\n\n<p>La actividad se realizar\u00e1 el viernes 6 de febrero, a las 17, en el Distrito Cultural \u201cDino\u201d Saluzzi y promete una jornada intensa, din\u00e1mica y llena de herramientas pr\u00e1cticas para el sector.<\/p>\n\n\n\n<p>Al respecto, Claudia Vilte, coordinadora de la Escuela de Emprendedores, manifest\u00f3 que el encuentro tendr\u00e1 una duraci\u00f3n de tres horas, donde se abordar\u00e1n temas fundamentales como marketing digital, redes sociales, nuevas tecnolog\u00edas y el impacto de la inteligencia artificial en los emprendimientos. \u201cVamos a hablar de c\u00f3mo empezar a utilizar la inteligencia artificial en los emprendimientos, siempre respetando el producto que cada emprendedor realiza\u201d, afirm\u00f3.<\/p>\n\n\n\n<p>La jornada tambi\u00e9n contar\u00e1 con la participaci\u00f3n de emprendedores que hoy son casos de \u00e9xito, quienes compartir\u00e1n sus experiencias reales. Adem\u00e1s, los asistentes tendr\u00e1n la posibilidad de intercambiar ideas y charlar directamente con los emprendedores invitados, en un clima distendido y participativo.<\/p>\n\n\n\n<figure class=\"wp-block-gallery has-nested-images columns-default is-cropped wp-block-gallery-1 is-layout-flex wp-block-gallery-is-layout-flex\">\n<figure class=\"wp-block-image size-large\"><img fetchpriority=\"high\" decoding=\"async\" width=\"1024\" height=\"683\" data-id=\"7763\" src=\"https:\/\/circuitosalta.com.ar\/wp-content\/uploads\/2026\/01\/distritodinosaluzzi.webp\" alt=\"\" class=\"wp-image-7763\" srcset=\"https:\/\/circuitosalta.com.ar\/wp-content\/uploads\/2026\/01\/distritodinosaluzzi.webp 1024w, https:\/\/circuitosalta.com.ar\/wp-content\/uploads\/2026\/01\/distritodinosaluzzi-300x200.webp 300w, https:\/\/circuitosalta.com.ar\/wp-content\/uploads\/2026\/01\/distritodinosaluzzi-768x512.webp 768w, https:\/\/circuitosalta.com.ar\/wp-content\/uploads\/2026\/01\/distritodinosaluzzi-630x420.webp 630w, https:\/\/circuitosalta.com.ar\/wp-content\/uploads\/2026\/01\/distritodinosaluzzi-696x464.webp 696w\" sizes=\"(max-width: 1024px) 100vw, 1024px\" \/><\/figure>\n\n\n\n<figure class=\"wp-block-image size-large\"><img decoding=\"async\" width=\"1024\" height=\"682\" data-id=\"7762\" src=\"https:\/\/circuitosalta.com.ar\/wp-content\/uploads\/2026\/01\/semana-del-emprendedor-6-1024x682.webp\" alt=\"\" class=\"wp-image-7762\" srcset=\"https:\/\/circuitosalta.com.ar\/wp-content\/uploads\/2026\/01\/semana-del-emprendedor-6-1024x682.webp 1024w, https:\/\/circuitosalta.com.ar\/wp-content\/uploads\/2026\/01\/semana-del-emprendedor-6-300x200.webp 300w, https:\/\/circuitosalta.com.ar\/wp-content\/uploads\/2026\/01\/semana-del-emprendedor-6-768x512.webp 768w, https:\/\/circuitosalta.com.ar\/wp-content\/uploads\/2026\/01\/semana-del-emprendedor-6-1536x1023.webp 1536w, https:\/\/circuitosalta.com.ar\/wp-content\/uploads\/2026\/01\/semana-del-emprendedor-6-630x420.webp 630w, https:\/\/circuitosalta.com.ar\/wp-content\/uploads\/2026\/01\/semana-del-emprendedor-6-696x464.webp 696w, https:\/\/circuitosalta.com.ar\/wp-content\/uploads\/2026\/01\/semana-del-emprendedor-6-1068x712.webp 1068w, https:\/\/circuitosalta.com.ar\/wp-content\/uploads\/2026\/01\/semana-del-emprendedor-6.webp 1600w\" sizes=\"(max-width: 1024px) 100vw, 1024px\" \/><\/figure>\n\n\n\n<figure class=\"wp-block-image size-large\"><img decoding=\"async\" width=\"1024\" height=\"683\" data-id=\"7761\" src=\"https:\/\/circuitosalta.com.ar\/wp-content\/uploads\/2026\/01\/dinosaluzzi3-1-1024x683.webp\" alt=\"\" class=\"wp-image-7761\" srcset=\"https:\/\/circuitosalta.com.ar\/wp-content\/uploads\/2026\/01\/dinosaluzzi3-1-1024x683.webp 1024w, https:\/\/circuitosalta.com.ar\/wp-content\/uploads\/2026\/01\/dinosaluzzi3-1-300x200.webp 300w, https:\/\/circuitosalta.com.ar\/wp-content\/uploads\/2026\/01\/dinosaluzzi3-1-768x512.webp 768w, https:\/\/circuitosalta.com.ar\/wp-content\/uploads\/2026\/01\/dinosaluzzi3-1-630x420.webp 630w, https:\/\/circuitosalta.com.ar\/wp-content\/uploads\/2026\/01\/dinosaluzzi3-1-696x464.webp 696w, https:\/\/circuitosalta.com.ar\/wp-content\/uploads\/2026\/01\/dinosaluzzi3-1.webp 1044w\" sizes=\"(max-width: 1024px) 100vw, 1024px\" \/><\/figure>\n<\/figure>\n\n\n\n<p>La inscripci\u00f3n estar\u00e1 habilitada a partir del pr\u00f3ximo lunes 2 de febrero a trav\u00e9s del n\u00famero 3872158121.<\/p>\n\n\n\n<figure class=\"wp-block-image size-large is-resized\"><img decoding=\"async\" src=\"https:\/\/prensa.municipalidadsalta.gob.ar\/logo.png\" alt=\"\" style=\"width:248px;height:auto\"\/><\/figure>\n","protected":false},"excerpt":{"rendered":"<p>El encuentro ser\u00e1 el viernes 6 de febrero, desde las 17, en el Distrito Cultural \u00abDino\u00bb Saluzzi. El objetivo es brindar herramientas en marketing e inteligencia artificial, adem\u00e1s, compartir casos de \u00e9xito que inspiren a los proyectos locales. Las inscripciones comienzan el lunes 2 de febrero. La Municipalidad de Salta pone en marcha \u201cSalta Emprende\u201d, [&hellip;]<\/p>\n","protected":false},"author":1,"featured_media":7763,"comment_status":"open","ping_status":"open","sticky":false,"template":"","format":"standard","meta":{"tdm_status":"","tdm_grid_status":"","footnotes":""},"categories":[44,11],"tags":[],"class_list":{"0":"post-7760","1":"post","2":"type-post","3":"status-publish","4":"format-standard","5":"has-post-thumbnail","7":"category-ciudad-de-salta","8":"category-datos-utiles"},"_links":{"self":[{"href":"https:\/\/circuitosalta.com.ar\/index.php?rest_route=\/wp\/v2\/posts\/7760"}],"collection":[{"href":"https:\/\/circuitosalta.com.ar\/index.php?rest_route=\/wp\/v2\/posts"}],"about":[{"href":"https:\/\/circuitosalta.com.ar\/index.php?rest_route=\/wp\/v2\/types\/post"}],"author":[{"embeddable":true,"href":"https:\/\/circuitosalta.com.ar\/index.php?rest_route=\/wp\/v2\/users\/1"}],"replies":[{"embeddable":true,"href":"https:\/\/circuitosalta.com.ar\/index.php?rest_route=%2Fwp%2Fv2%2Fcomments&post=7760"}],"version-history":[{"count":1,"href":"https:\/\/circuitosalta.com.ar\/index.php?rest_route=\/wp\/v2\/posts\/7760\/revisions"}],"predecessor-version":[{"id":7764,"href":"https:\/\/circuitosalta.com.ar\/index.php?rest_route=\/wp\/v2\/posts\/7760\/revisions\/7764"}],"wp:featuredmedia":[{"embeddable":true,"href":"https:\/\/circuitosalta.com.ar\/index.php?rest_route=\/wp\/v2\/media\/7763"}],"wp:attachment":[{"href":"https:\/\/circuitosalta.com.ar\/index.php?rest_route=%2Fwp%2Fv2%2Fmedia&parent=7760"}],"wp:term":[{"taxonomy":"category","embeddable":true,"href":"https:\/\/circuitosalta.com.ar\/index.php?rest_route=%2Fwp%2Fv2%2Fcategories&post=7760"},{"taxonomy":"post_tag","embeddable":true,"href":"https:\/\/circuitosalta.com.ar\/index.php?rest_route=%2Fwp%2Fv2%2Ftags&post=7760"}],"curies":[{"name":"wp","href":"https:\/\/api.w.org\/{rel}","templated":true}]}}