{"id":7765,"date":"2026-01-30T11:09:57","date_gmt":"2026-01-30T14:09:57","guid":{"rendered":"https:\/\/circuitosalta.com.ar\/?p=7765"},"modified":"2026-01-30T11:09:59","modified_gmt":"2026-01-30T14:09:59","slug":"el-ministerio-de-turismo-y-deportes-se-reunio-con-el-sector-privado-para-avanzar-en-una-agenda-de-trabajo-conjunta","status":"publish","type":"post","link":"https:\/\/circuitosalta.com.ar\/?p=7765","title":{"rendered":"El Ministerio de Turismo y Deportes se reuni\u00f3 con el sector privado para avanzar en una agenda de trabajo conjunta"},"content":{"rendered":"\n<p><strong><em>Autoridades provinciales y representantes del sector privado mantuvieron un encuentro para dialogar, intercambiar miradas y avanzar en una agenda com\u00fan de trabajo.<\/em><\/strong><\/p>\n\n\n\n<p>El equipo del Ministerio de Turismo y Deportes de la Provincia, junto a las sociedades del Estado vinculadas al sector, encabezado por la ministra&nbsp;<strong>Manuela Arancibia<\/strong>, mantuvo una reuni\u00f3n de trabajo con representantes del sector privado tur\u00edstico, con el objetivo de dialogar, escuchar inquietudes y avanzar en una agenda de trabajo conjunta.<\/p>\n\n\n\n<figure class=\"wp-block-embed alignright is-type-video is-provider-youtube wp-block-embed-youtube wp-embed-aspect-16-9 wp-has-aspect-ratio\"><div class=\"wp-block-embed__wrapper\">\n<iframe title=\"El Ministerio de Turismo y Deportes se reuni\u00f3 con el sector privado en una agenda de trabajo\" width=\"696\" height=\"392\" src=\"https:\/\/www.youtube.com\/embed\/UZ4BBdIMmFs?feature=oembed\" frameborder=\"0\" allow=\"accelerometer; autoplay; clipboard-write; encrypted-media; gyroscope; picture-in-picture; web-share\" referrerpolicy=\"strict-origin-when-cross-origin\" allowfullscreen><\/iframe>\n<\/div><\/figure>\n\n\n\n<p>Durante el encuentro, la ministra Arancibia remarc\u00f3 que \u201cel di\u00e1logo permanente con el sector privado es una prioridad para la gesti\u00f3n. Estamos convocando a reuniones para dialogar, escuchar inquietudes, repasar lo que se viene haciendo y, si hace falta, ajustar o priorizar nuevos cursos de acci\u00f3n. Creemos que el di\u00e1logo es lo que le aporta valor al destino y ese es el camino que vamos a seguir fortaleciendo\u201d.<\/p>\n\n\n\n<p>En ese marco, se compartieron los principales lineamientos del Plan de Promoci\u00f3n Tur\u00edstica 2026, que contempla acciones en mercados estrat\u00e9gicos a nivel nacional e internacional, campa\u00f1as de posicionamiento del destino, promoci\u00f3n directa, trabajo con operadores y una presencia sostenida en espacios clave para la comercializaci\u00f3n tur\u00edstica, con el objetivo de consolidar el posicionamiento de Salta como destino competitivo y accesible.<\/p>\n\n\n\n<p>En materia de promoci\u00f3n tur\u00edstica, se se\u00f1al\u00f3 adem\u00e1s que Salta es un destino que mantiene una presencia activa y sostenida en los mercados, adapt\u00e1ndose a un escenario donde los viajes se definen cada vez m\u00e1s sobre la fecha. En ese sentido, se contin\u00faan desarrollando acciones promocionales en C\u00f3rdoba, la Costa Atl\u00e1ntica y el norte argentino, entre otros puntos estrat\u00e9gicos.<\/p>\n\n\n\n<p>La Ministra subray\u00f3 adem\u00e1s que \u201cel Estado provincial tiene un rol clave en generar demanda, construir reputaci\u00f3n de marca y acompa\u00f1ar al sector privado con planificaci\u00f3n, promoci\u00f3n y pol\u00edticas p\u00fablicas que fortalezcan la competitividad del destino\u201d.<\/p>\n\n\n\n<p>Como resultado del encuentro, se acord\u00f3 dar continuidad a estas instancias de trabajo mediante nuevas reuniones, con el objetivo de profundizar los distintos ejes de gesti\u00f3n y seguir fortaleciendo la articulaci\u00f3n entre el sector p\u00fablico y privado.<\/p>\n\n\n\n<p>Participaron de la reuni\u00f3n, en representaci\u00f3n del sector privado, la presidenta de la Asociaci\u00f3n Salte\u00f1a de Agencias de Turismo (ASAT), L\u00eda Rivella; el presidente de la Asociaci\u00f3n de Hoteles de Turismo (AHT), Diego Patr\u00f3n; el presidente de la C\u00e1mara Hotelera, Gastron\u00f3mica y Afines de Salta, Juan Chib\u00e1n; el secretario general de UTHGRA, Cristian Esp\u00edndola; y el representante de ADOPTA, Gustavo Su\u00e1rez.<\/p>\n\n\n\n<p>Desde el Ministerio de Turismo y Deportes se reafirm\u00f3 el compromiso de continuar trabajando de manera articulada con el sector privado, entendiendo que el di\u00e1logo, la planificaci\u00f3n y la promoci\u00f3n conjunta son ejes centrales para el desarrollo tur\u00edstico de la provincia.<\/p>\n\n\n\n<p>Fuente:\u00a0<strong>Secretar\u00eda de Prensa y Comunicaci\u00f3n<\/strong><\/p>\n","protected":false},"excerpt":{"rendered":"<p>Autoridades provinciales y representantes del sector privado mantuvieron un encuentro para dialogar, intercambiar miradas y avanzar en una agenda com\u00fan de trabajo. El equipo del Ministerio de Turismo y Deportes de la Provincia, junto a las sociedades del Estado vinculadas al sector, encabezado por la ministra&nbsp;Manuela Arancibia, mantuvo una reuni\u00f3n de trabajo con representantes del [&hellip;]<\/p>\n","protected":false},"author":1,"featured_media":7766,"comment_status":"open","ping_status":"open","sticky":false,"template":"","format":"standard","meta":{"tdm_status":"","tdm_grid_status":"","footnotes":""},"categories":[15],"tags":[],"class_list":{"0":"post-7765","1":"post","2":"type-post","3":"status-publish","4":"format-standard","5":"has-post-thumbnail","7":"category-provincial"},"_links":{"self":[{"href":"https:\/\/circuitosalta.com.ar\/index.php?rest_route=\/wp\/v2\/posts\/7765"}],"collection":[{"href":"https:\/\/circuitosalta.com.ar\/index.php?rest_route=\/wp\/v2\/posts"}],"about":[{"href":"https:\/\/circuitosalta.com.ar\/index.php?rest_route=\/wp\/v2\/types\/post"}],"author":[{"embeddable":true,"href":"https:\/\/circuitosalta.com.ar\/index.php?rest_route=\/wp\/v2\/users\/1"}],"replies":[{"embeddable":true,"href":"https:\/\/circuitosalta.com.ar\/index.php?rest_route=%2Fwp%2Fv2%2Fcomments&post=7765"}],"version-history":[{"count":1,"href":"https:\/\/circuitosalta.com.ar\/index.php?rest_route=\/wp\/v2\/posts\/7765\/revisions"}],"predecessor-version":[{"id":7767,"href":"https:\/\/circuitosalta.com.ar\/index.php?rest_route=\/wp\/v2\/posts\/7765\/revisions\/7767"}],"wp:featuredmedia":[{"embeddable":true,"href":"https:\/\/circuitosalta.com.ar\/index.php?rest_route=\/wp\/v2\/media\/7766"}],"wp:attachment":[{"href":"https:\/\/circuitosalta.com.ar\/index.php?rest_route=%2Fwp%2Fv2%2Fmedia&parent=7765"}],"wp:term":[{"taxonomy":"category","embeddable":true,"href":"https:\/\/circuitosalta.com.ar\/index.php?rest_route=%2Fwp%2Fv2%2Fcategories&post=7765"},{"taxonomy":"post_tag","embeddable":true,"href":"https:\/\/circuitosalta.com.ar\/index.php?rest_route=%2Fwp%2Fv2%2Ftags&post=7765"}],"curies":[{"name":"wp","href":"https:\/\/api.w.org\/{rel}","templated":true}]}}