{"id":779,"date":"2022-05-22T22:05:01","date_gmt":"2022-05-23T01:05:01","guid":{"rendered":"https:\/\/circuitosalta.com.ar\/?p=779"},"modified":"2022-05-22T22:05:05","modified_gmt":"2022-05-23T01:05:05","slug":"encuentro-en-punta-del-este-de-la-67-reunion-de-la-comision-regional-de-la-omt-para-las-americas","status":"publish","type":"post","link":"https:\/\/circuitosalta.com.ar\/?p=779","title":{"rendered":"Encuentro en Punta del Este de la 67\u00b0 reuni\u00f3n de la Comisi\u00f3n Regional de la OMT para las Am\u00e9ricas"},"content":{"rendered":"\n<h4 class=\"has-cyan-bluish-gray-color has-text-color has-background wp-block-heading\" style=\"background-color:#69041d\">Con la participaci\u00f3n del presidente de la Rep\u00fablica Oriental del Uruguay,\u00a0<strong>Luis Lacalle Pou<\/strong>, se inici\u00f3 la 67\u00b0 reuni\u00f3n de la Comisi\u00f3n Regional de la Organizaci\u00f3n Mundial del Turismo (OMT) para las Am\u00e9ricas.<\/h4>\n\n\n\n<p>La secretaria de Promoci\u00f3n Tur\u00edstica,&nbsp;<strong>Yanina Mart\u00ednez<\/strong>; y el subsecretario de Relaciones Institucionales y Cooperaci\u00f3n Internacional,&nbsp;<strong>Leandro Balasini<\/strong>, estuvieron presentes en Punta del Este, donde participaron, adem\u00e1s, del Seminario sobre el C\u00f3digo Internacional para la Protecci\u00f3n de Turistas.<\/p>\n\n\n\n<p><em>\u00abEste encuentro nos permiti\u00f3 intercambiar iniciativas sobre la seguridad del turista en un momento clave de reactivaci\u00f3n del sector\u00bb<\/em>, asegur\u00f3&nbsp;<strong>Mart\u00ednez<\/strong>&nbsp;tras participar en la reuni\u00f3n donde tambi\u00e9n estuvieron presentes el ministro de Turismo del Uruguay,&nbsp;<strong>Tabar\u00e9 Viera<\/strong>, su par de Brasil,&nbsp;<strong>Carlos Brito<\/strong>&nbsp;y la ministra de Turismo de Paraguay,&nbsp;<strong>Sof\u00eda Montiel<\/strong>, entre otras autoridades de la regi\u00f3n.<\/p>\n\n\n\n<p>Durante la 67\u00b0 reuni\u00f3n se presentaron los objetivos y prioridades de gesti\u00f3n de la Secretar\u00eda General de la OMT y las actividades regionales desarrolladas durante los dos \u00faltimos a\u00f1os. Adem\u00e1s, ministros y funcionarios describieron el crecimiento y el impacto econ\u00f3mico que est\u00e1 teniendo para sus pa\u00edses el desarrollo de la actividad tur\u00edstica.<\/p>\n\n\n\n<figure class=\"wp-block-image size-full is-style-rounded\"><a href=\"https:\/\/www.argentina.gob.ar\/noticias\/comenzo-la-67deg-reunion-de-la-comision-regional-de-la-omt-para-las-americas\" target=\"_blank\" rel=\"noopener\"><img fetchpriority=\"high\" decoding=\"async\" width=\"779\" height=\"142\" src=\"https:\/\/circuitosalta.com.ar\/wp-content\/uploads\/2022\/05\/779x142-1-1.png\" alt=\"\" class=\"wp-image-699\" srcset=\"https:\/\/circuitosalta.com.ar\/wp-content\/uploads\/2022\/05\/779x142-1-1.png 779w, https:\/\/circuitosalta.com.ar\/wp-content\/uploads\/2022\/05\/779x142-1-1-300x55.png 300w, https:\/\/circuitosalta.com.ar\/wp-content\/uploads\/2022\/05\/779x142-1-1-768x140.png 768w, https:\/\/circuitosalta.com.ar\/wp-content\/uploads\/2022\/05\/779x142-1-1-696x127.png 696w\" sizes=\"(max-width: 779px) 100vw, 779px\" \/><\/a><\/figure>\n","protected":false},"excerpt":{"rendered":"<p>Con la participaci\u00f3n del presidente de la Rep\u00fablica Oriental del Uruguay,\u00a0Luis Lacalle Pou, se inici\u00f3 la 67\u00b0 reuni\u00f3n de la Comisi\u00f3n Regional de la Organizaci\u00f3n Mundial del Turismo (OMT) para las Am\u00e9ricas. La secretaria de Promoci\u00f3n Tur\u00edstica,&nbsp;Yanina Mart\u00ednez; y el subsecretario de Relaciones Institucionales y Cooperaci\u00f3n Internacional,&nbsp;Leandro Balasini, estuvieron presentes en Punta del Este, donde [&hellip;]<\/p>\n","protected":false},"author":2,"featured_media":780,"comment_status":"open","ping_status":"open","sticky":false,"template":"","format":"standard","meta":{"tdm_status":"","tdm_grid_status":"","footnotes":""},"categories":[14,22],"tags":[],"class_list":{"0":"post-779","1":"post","2":"type-post","3":"status-publish","4":"format-standard","5":"has-post-thumbnail","7":"category-anuncios","8":"category-internacional"},"_links":{"self":[{"href":"https:\/\/circuitosalta.com.ar\/index.php?rest_route=\/wp\/v2\/posts\/779"}],"collection":[{"href":"https:\/\/circuitosalta.com.ar\/index.php?rest_route=\/wp\/v2\/posts"}],"about":[{"href":"https:\/\/circuitosalta.com.ar\/index.php?rest_route=\/wp\/v2\/types\/post"}],"author":[{"embeddable":true,"href":"https:\/\/circuitosalta.com.ar\/index.php?rest_route=\/wp\/v2\/users\/2"}],"replies":[{"embeddable":true,"href":"https:\/\/circuitosalta.com.ar\/index.php?rest_route=%2Fwp%2Fv2%2Fcomments&post=779"}],"version-history":[{"count":1,"href":"https:\/\/circuitosalta.com.ar\/index.php?rest_route=\/wp\/v2\/posts\/779\/revisions"}],"predecessor-version":[{"id":781,"href":"https:\/\/circuitosalta.com.ar\/index.php?rest_route=\/wp\/v2\/posts\/779\/revisions\/781"}],"wp:featuredmedia":[{"embeddable":true,"href":"https:\/\/circuitosalta.com.ar\/index.php?rest_route=\/wp\/v2\/media\/780"}],"wp:attachment":[{"href":"https:\/\/circuitosalta.com.ar\/index.php?rest_route=%2Fwp%2Fv2%2Fmedia&parent=779"}],"wp:term":[{"taxonomy":"category","embeddable":true,"href":"https:\/\/circuitosalta.com.ar\/index.php?rest_route=%2Fwp%2Fv2%2Fcategories&post=779"},{"taxonomy":"post_tag","embeddable":true,"href":"https:\/\/circuitosalta.com.ar\/index.php?rest_route=%2Fwp%2Fv2%2Ftags&post=779"}],"curies":[{"name":"wp","href":"https:\/\/api.w.org\/{rel}","templated":true}]}}