{"id":7834,"date":"2026-03-11T10:53:34","date_gmt":"2026-03-11T13:53:34","guid":{"rendered":"https:\/\/circuitosalta.com.ar\/?p=7834"},"modified":"2026-03-11T10:53:36","modified_gmt":"2026-03-11T13:53:36","slug":"entre-tramas-y-textiles-quedo-inaugurada-la-nueva-muestra-del-museo-de-la-ciudad","status":"publish","type":"post","link":"https:\/\/circuitosalta.com.ar\/?p=7834","title":{"rendered":"\u201cEntre tramas y textiles\u201d: qued\u00f3 inaugurada la nueva muestra del Museo de la Ciudad"},"content":{"rendered":"\n<p class=\"has-white-color has-text-color has-background has-link-color wp-elements-9a526495e11cc54407f0d4a814950311\" style=\"background-color:#056eab\"><strong><em>La exposici\u00f3n re\u00fane obras de las artistas salte\u00f1as Emma Ag\u00fcero, Gabriela Colque, Gabriela Martorell y Romina Ramos. Puede visitarse de lunes a viernes de 9 a 19 horas, con entrada libre y gratuita, en el edificio hist\u00f3rico ubicado en La Florida 97.<\/em><\/strong><\/p>\n\n\n\n<p>El Museo de la Ciudad inaugur\u00f3 el pasado viernes la muestra \u201cEntre tramas y textiles\u201d, una exposici\u00f3n que re\u00fane obras de las artistas salte\u00f1as Emma Ag\u00fcero, Gabriela Colque, Gabriela Martorell y Romina Ramos. La propuesta puede visitarse en las salas temporales del espacio ubicado en La Florida 97, con entrada libre y gratuita.<\/p>\n\n\n\n<p>La inauguraci\u00f3n cont\u00f3 con la presencia de vecinos, artistas y referentes de la escena cultural local, quienes acompa\u00f1aron la apertura de esta exposici\u00f3n que forma parte de las actividades impulsadas durante el Mes de la Mujer.<\/p>\n\n\n\n<figure class=\"wp-block-embed alignright is-type-video is-provider-youtube wp-block-embed-youtube wp-embed-aspect-16-9 wp-has-aspect-ratio\"><div class=\"wp-block-embed__wrapper\">\n<iframe title=\"\u201cEntre tramas y textiles\u201d: qued\u00f3 inaugurada la nueva muestra del Museo de la Ciudad\" width=\"696\" height=\"392\" src=\"https:\/\/www.youtube.com\/embed\/akORqAfDLHY?feature=oembed\" frameborder=\"0\" allow=\"accelerometer; autoplay; clipboard-write; encrypted-media; gyroscope; picture-in-picture; web-share\" referrerpolicy=\"strict-origin-when-cross-origin\" allowfullscreen><\/iframe>\n<\/div><\/figure>\n\n\n\n<p>La muestra re\u00fane trabajos realizados en telar e intervenciones textiles, generando un di\u00e1logo entre t\u00e9cnicas ancestrales y b\u00fasquedas contempor\u00e1neas. A trav\u00e9s de distintos materiales y procesos, las obras invitan a reflexionar sobre la identidad, el territorio y la memoria desde el lenguaje del arte textil.<\/p>\n\n\n\n<p>El p\u00fablico puede recorrer piezas que combinan tejido en telar tradicional con fibras provenientes del Chaco salte\u00f1o, adem\u00e1s de fieltros, bordados y otras t\u00e9cnicas que dan forma a un universo creativo donde tradici\u00f3n y contemporaneidad se entrelazan.<\/p>\n\n\n\n<p>Durante la inauguraci\u00f3n, las artistas compartieron el proceso creativo detr\u00e1s de sus obras y destacaron la importancia de contar con espacios de exhibici\u00f3n que permitan visibilizar la producci\u00f3n art\u00edstica local.<\/p>\n\n\n\n<p>Se\u00f1alaron que para ellas es muy importante poder mostrar sus obras y acercar al p\u00fablico al universo del arte textil. Tambi\u00e9n destacaron el inter\u00e9s de los visitantes, quienes realizaron preguntas y se mostraron curiosos por las t\u00e9cnicas y los procesos. Asimismo, manifestaron que como mujeres y tejedoras es un orgullo poder compartir su trabajo y formar parte de esta muestra.<\/p>\n\n\n\n<p>Por su parte, la directora del Museo de la Ciudad, Lic. Gracia Mart\u00ednez, resalt\u00f3 el valor de esta propuesta y el trabajo de las artistas que forman parte de la exposici\u00f3n: \u201cEn el Mes de la Mujer estamos inaugurando esta muestra con cuatro artistas de distintas generaciones, donde el textil se presenta como un lenguaje que permite recrear mundos y universos personales. Invitamos al p\u00fablico a recorrer las tres salas donde cada una desarrolla su obra. Esta muestra estar\u00e1 durante marzo y abril, y como cada a\u00f1o el Museo de la Ciudad abre sus puertas en este mes para visibilizar el trabajo de artistas mujeres\u201d.<\/p>\n\n\n\n<p>Adem\u00e1s, adelant\u00f3 que durante el per\u00edodo de exhibici\u00f3n se realizar\u00e1n distintas actividades complementarias. \u201cVamos a tener propuestas como visitas guiadas y charlas con las artistas para generar espacios de intercambio. Invitamos a todos los vecinos a acercarse y disfrutar de esta propuesta\u201d, agreg\u00f3.<\/p>\n\n\n\n<figure class=\"wp-block-gallery has-nested-images columns-default is-cropped wp-block-gallery-1 is-layout-flex wp-block-gallery-is-layout-flex\">\n<figure class=\"wp-block-image size-large\"><img fetchpriority=\"high\" decoding=\"async\" width=\"1024\" height=\"576\" data-id=\"7835\" src=\"https:\/\/circuitosalta.com.ar\/wp-content\/uploads\/2026\/03\/10entre-tramas-y-textiles-inauguracion-1024x576.webp\" alt=\"\" class=\"wp-image-7835\" srcset=\"https:\/\/circuitosalta.com.ar\/wp-content\/uploads\/2026\/03\/10entre-tramas-y-textiles-inauguracion-1024x576.webp 1024w, https:\/\/circuitosalta.com.ar\/wp-content\/uploads\/2026\/03\/10entre-tramas-y-textiles-inauguracion-300x169.webp 300w, https:\/\/circuitosalta.com.ar\/wp-content\/uploads\/2026\/03\/10entre-tramas-y-textiles-inauguracion-768x432.webp 768w, https:\/\/circuitosalta.com.ar\/wp-content\/uploads\/2026\/03\/10entre-tramas-y-textiles-inauguracion-747x420.webp 747w, https:\/\/circuitosalta.com.ar\/wp-content\/uploads\/2026\/03\/10entre-tramas-y-textiles-inauguracion-696x392.webp 696w, https:\/\/circuitosalta.com.ar\/wp-content\/uploads\/2026\/03\/10entre-tramas-y-textiles-inauguracion-1068x601.webp 1068w, https:\/\/circuitosalta.com.ar\/wp-content\/uploads\/2026\/03\/10entre-tramas-y-textiles-inauguracion.webp 1280w\" sizes=\"(max-width: 1024px) 100vw, 1024px\" \/><\/figure>\n\n\n\n<figure class=\"wp-block-image size-large\"><img decoding=\"async\" width=\"1024\" height=\"576\" data-id=\"7839\" src=\"https:\/\/circuitosalta.com.ar\/wp-content\/uploads\/2026\/03\/5entre-tramas-y-textiles-inauguracion-1024x576.webp\" alt=\"\" class=\"wp-image-7839\" srcset=\"https:\/\/circuitosalta.com.ar\/wp-content\/uploads\/2026\/03\/5entre-tramas-y-textiles-inauguracion-1024x576.webp 1024w, https:\/\/circuitosalta.com.ar\/wp-content\/uploads\/2026\/03\/5entre-tramas-y-textiles-inauguracion-300x169.webp 300w, https:\/\/circuitosalta.com.ar\/wp-content\/uploads\/2026\/03\/5entre-tramas-y-textiles-inauguracion-768x432.webp 768w, https:\/\/circuitosalta.com.ar\/wp-content\/uploads\/2026\/03\/5entre-tramas-y-textiles-inauguracion-747x420.webp 747w, https:\/\/circuitosalta.com.ar\/wp-content\/uploads\/2026\/03\/5entre-tramas-y-textiles-inauguracion-696x392.webp 696w, https:\/\/circuitosalta.com.ar\/wp-content\/uploads\/2026\/03\/5entre-tramas-y-textiles-inauguracion-1068x601.webp 1068w, https:\/\/circuitosalta.com.ar\/wp-content\/uploads\/2026\/03\/5entre-tramas-y-textiles-inauguracion.webp 1280w\" sizes=\"(max-width: 1024px) 100vw, 1024px\" \/><\/figure>\n\n\n\n<figure class=\"wp-block-image size-large\"><img decoding=\"async\" width=\"1024\" height=\"576\" data-id=\"7836\" src=\"https:\/\/circuitosalta.com.ar\/wp-content\/uploads\/2026\/03\/9entre-tramas-y-textiles-inauguracion-1024x576.webp\" alt=\"\" class=\"wp-image-7836\" srcset=\"https:\/\/circuitosalta.com.ar\/wp-content\/uploads\/2026\/03\/9entre-tramas-y-textiles-inauguracion-1024x576.webp 1024w, https:\/\/circuitosalta.com.ar\/wp-content\/uploads\/2026\/03\/9entre-tramas-y-textiles-inauguracion-300x169.webp 300w, https:\/\/circuitosalta.com.ar\/wp-content\/uploads\/2026\/03\/9entre-tramas-y-textiles-inauguracion-768x432.webp 768w, https:\/\/circuitosalta.com.ar\/wp-content\/uploads\/2026\/03\/9entre-tramas-y-textiles-inauguracion-747x420.webp 747w, https:\/\/circuitosalta.com.ar\/wp-content\/uploads\/2026\/03\/9entre-tramas-y-textiles-inauguracion-696x392.webp 696w, https:\/\/circuitosalta.com.ar\/wp-content\/uploads\/2026\/03\/9entre-tramas-y-textiles-inauguracion-1068x601.webp 1068w, https:\/\/circuitosalta.com.ar\/wp-content\/uploads\/2026\/03\/9entre-tramas-y-textiles-inauguracion.webp 1280w\" sizes=\"(max-width: 1024px) 100vw, 1024px\" \/><\/figure>\n\n\n\n<figure class=\"wp-block-image size-large\"><img loading=\"lazy\" decoding=\"async\" width=\"1024\" height=\"576\" data-id=\"7838\" src=\"https:\/\/circuitosalta.com.ar\/wp-content\/uploads\/2026\/03\/1entre-tramas-y-textiles-inauguracion-1024x576.webp\" alt=\"\" class=\"wp-image-7838\" srcset=\"https:\/\/circuitosalta.com.ar\/wp-content\/uploads\/2026\/03\/1entre-tramas-y-textiles-inauguracion-1024x576.webp 1024w, https:\/\/circuitosalta.com.ar\/wp-content\/uploads\/2026\/03\/1entre-tramas-y-textiles-inauguracion-300x169.webp 300w, https:\/\/circuitosalta.com.ar\/wp-content\/uploads\/2026\/03\/1entre-tramas-y-textiles-inauguracion-768x432.webp 768w, https:\/\/circuitosalta.com.ar\/wp-content\/uploads\/2026\/03\/1entre-tramas-y-textiles-inauguracion-747x420.webp 747w, https:\/\/circuitosalta.com.ar\/wp-content\/uploads\/2026\/03\/1entre-tramas-y-textiles-inauguracion-696x392.webp 696w, https:\/\/circuitosalta.com.ar\/wp-content\/uploads\/2026\/03\/1entre-tramas-y-textiles-inauguracion-1068x601.webp 1068w, https:\/\/circuitosalta.com.ar\/wp-content\/uploads\/2026\/03\/1entre-tramas-y-textiles-inauguracion.webp 1280w\" sizes=\"(max-width: 1024px) 100vw, 1024px\" \/><\/figure>\n\n\n\n<figure class=\"wp-block-image size-large\"><img loading=\"lazy\" decoding=\"async\" width=\"1024\" height=\"576\" data-id=\"7837\" src=\"https:\/\/circuitosalta.com.ar\/wp-content\/uploads\/2026\/03\/3entre-tramas-y-textiles-inauguracion-1024x576.webp\" alt=\"\" class=\"wp-image-7837\" srcset=\"https:\/\/circuitosalta.com.ar\/wp-content\/uploads\/2026\/03\/3entre-tramas-y-textiles-inauguracion-1024x576.webp 1024w, https:\/\/circuitosalta.com.ar\/wp-content\/uploads\/2026\/03\/3entre-tramas-y-textiles-inauguracion-300x169.webp 300w, https:\/\/circuitosalta.com.ar\/wp-content\/uploads\/2026\/03\/3entre-tramas-y-textiles-inauguracion-768x432.webp 768w, https:\/\/circuitosalta.com.ar\/wp-content\/uploads\/2026\/03\/3entre-tramas-y-textiles-inauguracion-747x420.webp 747w, https:\/\/circuitosalta.com.ar\/wp-content\/uploads\/2026\/03\/3entre-tramas-y-textiles-inauguracion-696x392.webp 696w, https:\/\/circuitosalta.com.ar\/wp-content\/uploads\/2026\/03\/3entre-tramas-y-textiles-inauguracion-1068x601.webp 1068w, https:\/\/circuitosalta.com.ar\/wp-content\/uploads\/2026\/03\/3entre-tramas-y-textiles-inauguracion.webp 1280w\" sizes=\"(max-width: 1024px) 100vw, 1024px\" \/><\/figure>\n<\/figure>\n\n\n\n<p>La muestra \u201cEntre tramas y textiles\u201d permanecer\u00e1 habilitada hasta el 30 de abril y podr\u00e1 visitarse de lunes a viernes de 9 a 19 horas en el Museo de la Ciudad, La Florida 97.<\/p>\n\n\n\n<figure class=\"wp-block-image size-large is-resized\"><img decoding=\"async\" src=\"https:\/\/prensa.municipalidadsalta.gob.ar\/logo.png\" alt=\"\" style=\"width:149px;height:auto\"\/><\/figure>\n","protected":false},"excerpt":{"rendered":"<p>La exposici\u00f3n re\u00fane obras de las artistas salte\u00f1as Emma Ag\u00fcero, Gabriela Colque, Gabriela Martorell y Romina Ramos. Puede visitarse de lunes a viernes de 9 a 19 horas, con entrada libre y gratuita, en el edificio hist\u00f3rico ubicado en La Florida 97. El Museo de la Ciudad inaugur\u00f3 el pasado viernes la muestra \u201cEntre tramas [&hellip;]<\/p>\n","protected":false},"author":1,"featured_media":7840,"comment_status":"open","ping_status":"open","sticky":false,"template":"","format":"standard","meta":{"tdm_status":"","tdm_grid_status":"","footnotes":""},"categories":[44,9],"tags":[],"class_list":{"0":"post-7834","1":"post","2":"type-post","3":"status-publish","4":"format-standard","5":"has-post-thumbnail","7":"category-ciudad-de-salta","8":"category-museos"},"_links":{"self":[{"href":"https:\/\/circuitosalta.com.ar\/index.php?rest_route=\/wp\/v2\/posts\/7834"}],"collection":[{"href":"https:\/\/circuitosalta.com.ar\/index.php?rest_route=\/wp\/v2\/posts"}],"about":[{"href":"https:\/\/circuitosalta.com.ar\/index.php?rest_route=\/wp\/v2\/types\/post"}],"author":[{"embeddable":true,"href":"https:\/\/circuitosalta.com.ar\/index.php?rest_route=\/wp\/v2\/users\/1"}],"replies":[{"embeddable":true,"href":"https:\/\/circuitosalta.com.ar\/index.php?rest_route=%2Fwp%2Fv2%2Fcomments&post=7834"}],"version-history":[{"count":1,"href":"https:\/\/circuitosalta.com.ar\/index.php?rest_route=\/wp\/v2\/posts\/7834\/revisions"}],"predecessor-version":[{"id":7841,"href":"https:\/\/circuitosalta.com.ar\/index.php?rest_route=\/wp\/v2\/posts\/7834\/revisions\/7841"}],"wp:featuredmedia":[{"embeddable":true,"href":"https:\/\/circuitosalta.com.ar\/index.php?rest_route=\/wp\/v2\/media\/7840"}],"wp:attachment":[{"href":"https:\/\/circuitosalta.com.ar\/index.php?rest_route=%2Fwp%2Fv2%2Fmedia&parent=7834"}],"wp:term":[{"taxonomy":"category","embeddable":true,"href":"https:\/\/circuitosalta.com.ar\/index.php?rest_route=%2Fwp%2Fv2%2Fcategories&post=7834"},{"taxonomy":"post_tag","embeddable":true,"href":"https:\/\/circuitosalta.com.ar\/index.php?rest_route=%2Fwp%2Fv2%2Ftags&post=7834"}],"curies":[{"name":"wp","href":"https:\/\/api.w.org\/{rel}","templated":true}]}}