{"id":7842,"date":"2026-03-13T11:45:18","date_gmt":"2026-03-13T14:45:18","guid":{"rendered":"https:\/\/circuitosalta.com.ar\/?p=7842"},"modified":"2026-03-13T11:45:19","modified_gmt":"2026-03-13T14:45:19","slug":"el-parque-del-bicentenario-celebra-su-11-aniversario-con-una-jornada-especial-para-toda-la-familia","status":"publish","type":"post","link":"https:\/\/circuitosalta.com.ar\/?p=7842","title":{"rendered":"El Parque del Bicentenario celebra su 11\u00b0 aniversario con una jornada especial para toda la familia"},"content":{"rendered":"\n<p><strong><em>Ma\u00f1ana s\u00e1bado 14 de marzo se realizar\u00e1 un festival con propuestas recreativas, espect\u00e1culos musicales, clases abiertas y una feria gastron\u00f3mica. La actividad ser\u00e1 con entrada libre y gratuita de 17 a 22 horas.<\/em><\/strong><\/p>\n\n\n\n<p>El Parque del Bicentenario celebrar\u00e1 ma\u00f1ana s\u00e1bado 14 de marzo&nbsp;su 11\u00b0 aniversario con una jornada especial destinada a toda la comunidad, que incluir\u00e1 m\u00fasica en vivo, actividades recreativas, propuestas gastron\u00f3micas y presentaciones art\u00edsticas.<\/p>\n\n\n\n<p>El festejo se desarrollar\u00e1 de 17 a 22 horas y contar\u00e1 con una variada programaci\u00f3n pensada para que familias, vecinos y visitantes puedan disfrutar de uno de los espacios verdes m\u00e1s emblem\u00e1ticos de la ciudad.<\/p>\n\n\n\n<p>Durante la tarde se realizar\u00e1 una clase abierta de zumba para todas las edades y se presentar\u00e1n distintas academias de baile. Adem\u00e1s, el p\u00fablico podr\u00e1 disfrutar de espect\u00e1culos art\u00edsticos y musicales.<\/p>\n\n\n\n<p>Entre los artistas invitados estar\u00e1n Rodolfo Aredes junto a su mu\u00f1eco Pepito, mientras que los shows musicales estar\u00e1n a cargo de Alejandro \u00c1vila, Norte\u00f1os y Gaby Morales.<\/p>\n\n\n\n<p>Asimismo, los asistentes podr\u00e1n recorrer una feria de emprendedores y un paseo gastron\u00f3mico con diversas propuestas de productos regionales y comidas para todos los gustos.<\/p>\n\n\n\n<p><strong>Once a\u00f1os de historia y crecimiento<\/strong><\/p>\n\n\n\n<p>Inaugurado oficialmente el 12 de marzo de 2015, el Parque del Bicentenario fue concebido como un proyecto estrat\u00e9gico para recuperar y poner en valor un sector clave del norte de la ciudad, transform\u00e1ndolo en un espacio p\u00fablico de calidad destinado al encuentro, la recreaci\u00f3n y el deporte.<\/p>\n\n\n\n<p>A lo largo de estos a\u00f1os, el parque se consolid\u00f3 como uno de los principales espacios verdes urbanos de Salta. Actualmente cuenta con m\u00e1s de 70 hect\u00e1reas que incluyen una laguna artificial, kil\u00f3metros de ciclov\u00edas, estaciones aer\u00f3bicas y una importante biodiversidad, con m\u00e1s de un centenar de especies de aves.<\/p>\n\n\n\n<p>El Parque del Bicentenario recibe diariamente a miles de salte\u00f1os y visitantes que lo eligen para realizar actividades deportivas, recreativas y culturales, consolid\u00e1ndose como un espacio de integraci\u00f3n y disfrute para toda la comunidad.<\/p>\n\n\n\n<hr class=\"wp-block-separator has-alpha-channel-opacity\"\/>\n\n\n\n<p>Fuente:&nbsp;<strong>Secretaria de Prensa y Comunicaci\u00f3n<\/strong><\/p>\n","protected":false},"excerpt":{"rendered":"<p>Ma\u00f1ana s\u00e1bado 14 de marzo se realizar\u00e1 un festival con propuestas recreativas, espect\u00e1culos musicales, clases abiertas y una feria gastron\u00f3mica. La actividad ser\u00e1 con entrada libre y gratuita de 17 a 22 horas. El Parque del Bicentenario celebrar\u00e1 ma\u00f1ana s\u00e1bado 14 de marzo&nbsp;su 11\u00b0 aniversario con una jornada especial destinada a toda la comunidad, que [&hellip;]<\/p>\n","protected":false},"author":1,"featured_media":7843,"comment_status":"open","ping_status":"open","sticky":false,"template":"","format":"standard","meta":{"tdm_status":"","tdm_grid_status":"","footnotes":""},"categories":[43],"tags":[],"class_list":{"0":"post-7842","1":"post","2":"type-post","3":"status-publish","4":"format-standard","5":"has-post-thumbnail","7":"category-ambiente-naturaleza"},"_links":{"self":[{"href":"https:\/\/circuitosalta.com.ar\/index.php?rest_route=\/wp\/v2\/posts\/7842"}],"collection":[{"href":"https:\/\/circuitosalta.com.ar\/index.php?rest_route=\/wp\/v2\/posts"}],"about":[{"href":"https:\/\/circuitosalta.com.ar\/index.php?rest_route=\/wp\/v2\/types\/post"}],"author":[{"embeddable":true,"href":"https:\/\/circuitosalta.com.ar\/index.php?rest_route=\/wp\/v2\/users\/1"}],"replies":[{"embeddable":true,"href":"https:\/\/circuitosalta.com.ar\/index.php?rest_route=%2Fwp%2Fv2%2Fcomments&post=7842"}],"version-history":[{"count":1,"href":"https:\/\/circuitosalta.com.ar\/index.php?rest_route=\/wp\/v2\/posts\/7842\/revisions"}],"predecessor-version":[{"id":7844,"href":"https:\/\/circuitosalta.com.ar\/index.php?rest_route=\/wp\/v2\/posts\/7842\/revisions\/7844"}],"wp:featuredmedia":[{"embeddable":true,"href":"https:\/\/circuitosalta.com.ar\/index.php?rest_route=\/wp\/v2\/media\/7843"}],"wp:attachment":[{"href":"https:\/\/circuitosalta.com.ar\/index.php?rest_route=%2Fwp%2Fv2%2Fmedia&parent=7842"}],"wp:term":[{"taxonomy":"category","embeddable":true,"href":"https:\/\/circuitosalta.com.ar\/index.php?rest_route=%2Fwp%2Fv2%2Fcategories&post=7842"},{"taxonomy":"post_tag","embeddable":true,"href":"https:\/\/circuitosalta.com.ar\/index.php?rest_route=%2Fwp%2Fv2%2Ftags&post=7842"}],"curies":[{"name":"wp","href":"https:\/\/api.w.org\/{rel}","templated":true}]}}