{"id":785,"date":"2022-05-23T13:08:43","date_gmt":"2022-05-23T16:08:43","guid":{"rendered":"https:\/\/circuitosalta.com.ar\/?p=785"},"modified":"2022-05-23T13:08:44","modified_gmt":"2022-05-23T16:08:44","slug":"la-campana-de-promocion-turistica-nacional-continuara-en-la-patagonia-y-en-caba","status":"publish","type":"post","link":"https:\/\/circuitosalta.com.ar\/?p=785","title":{"rendered":"La campa\u00f1a de promoci\u00f3n tur\u00edstica nacional continuar\u00e1 en la Patagonia y en CABA"},"content":{"rendered":"\n<h4 class=\"has-cyan-bluish-gray-color has-text-color has-background wp-block-heading\" style=\"background-color:#630019\">En Neuqu\u00e9n, Bariloche y la ciudad de Buenos Aires se presentar\u00e1 en las pr\u00f3ximas semanas el destino Salta acorde a la estrategia de promoci\u00f3n.<\/h4>\n\n\n\n<p>Salta contin\u00faa con la campa\u00f1a de promoci\u00f3n tur\u00edstica para el mercado nacional. Tras las acciones realizadas en Chaco y Corrientes, en las pr\u00f3ximas semanas la provincia tendr\u00e1 presencia en Neuqu\u00e9n, Bariloche y la Ciudad Aut\u00f3noma de Buenos Aires.<\/p>\n\n\n\n<p>El 31 de mayo la caravana de promoci\u00f3n llevar\u00e1 a cabo la presentaci\u00f3n para el trade tur\u00edstico y medios de prensa en Neuqu\u00e9n, localidad que tiene conexi\u00f3n directa a\u00e9rea con Salta a trav\u00e9s de Aerol\u00edneas Argentinas y Jet Smart.<\/p>\n\n\n\n<figure class=\"wp-block-image size-large\"><img decoding=\"async\" src=\"https:\/\/www.salta.gob.ar\/public\/images\/noticias\/contenidos\/2867-la-campania-de-promocion-turistica-nacional-continuara-en-la-patagonia-y-en-caba.jpg\" alt=\"\"\/><\/figure>\n\n\n\n<p>El 2 de junio ser\u00e1 el turno de Bariloche con el objetivo de reforzar la sinergia con este destino que tendr\u00e1 una ruta a\u00e9rea con Salta a partir de julio. Adem\u00e1s, los dos destinos est\u00e1n entre los que mayor n\u00famero de turismo internacional recibe a\u00f1o a a\u00f1o.<\/p>\n\n\n\n<p>La pr\u00f3xima acci\u00f3n ser\u00e1 en la Ciudad Aut\u00f3noma de Buenos Aires el 23 de junio. En este marco se presentar\u00e1 la campa\u00f1a para la temporada tur\u00edstica de invierno.<\/p>\n\n\n\n<hr class=\"wp-block-separator\"\/>\n\n\n\n<p>Fuente:&nbsp;<strong>Secretar\u00eda de Prensa y Comunicaci\u00f3n<\/strong><\/p>\n","protected":false},"excerpt":{"rendered":"<p>En Neuqu\u00e9n, Bariloche y la ciudad de Buenos Aires se presentar\u00e1 en las pr\u00f3ximas semanas el destino Salta acorde a la estrategia de promoci\u00f3n. Salta contin\u00faa con la campa\u00f1a de promoci\u00f3n tur\u00edstica para el mercado nacional. Tras las acciones realizadas en Chaco y Corrientes, en las pr\u00f3ximas semanas la provincia tendr\u00e1 presencia en Neuqu\u00e9n, Bariloche [&hellip;]<\/p>\n","protected":false},"author":2,"featured_media":786,"comment_status":"open","ping_status":"open","sticky":false,"template":"","format":"standard","meta":{"tdm_status":"","tdm_grid_status":"","footnotes":""},"categories":[14,21],"tags":[],"class_list":{"0":"post-785","1":"post","2":"type-post","3":"status-publish","4":"format-standard","5":"has-post-thumbnail","7":"category-anuncios","8":"category-nacional"},"_links":{"self":[{"href":"https:\/\/circuitosalta.com.ar\/index.php?rest_route=\/wp\/v2\/posts\/785"}],"collection":[{"href":"https:\/\/circuitosalta.com.ar\/index.php?rest_route=\/wp\/v2\/posts"}],"about":[{"href":"https:\/\/circuitosalta.com.ar\/index.php?rest_route=\/wp\/v2\/types\/post"}],"author":[{"embeddable":true,"href":"https:\/\/circuitosalta.com.ar\/index.php?rest_route=\/wp\/v2\/users\/2"}],"replies":[{"embeddable":true,"href":"https:\/\/circuitosalta.com.ar\/index.php?rest_route=%2Fwp%2Fv2%2Fcomments&post=785"}],"version-history":[{"count":1,"href":"https:\/\/circuitosalta.com.ar\/index.php?rest_route=\/wp\/v2\/posts\/785\/revisions"}],"predecessor-version":[{"id":787,"href":"https:\/\/circuitosalta.com.ar\/index.php?rest_route=\/wp\/v2\/posts\/785\/revisions\/787"}],"wp:featuredmedia":[{"embeddable":true,"href":"https:\/\/circuitosalta.com.ar\/index.php?rest_route=\/wp\/v2\/media\/786"}],"wp:attachment":[{"href":"https:\/\/circuitosalta.com.ar\/index.php?rest_route=%2Fwp%2Fv2%2Fmedia&parent=785"}],"wp:term":[{"taxonomy":"category","embeddable":true,"href":"https:\/\/circuitosalta.com.ar\/index.php?rest_route=%2Fwp%2Fv2%2Fcategories&post=785"},{"taxonomy":"post_tag","embeddable":true,"href":"https:\/\/circuitosalta.com.ar\/index.php?rest_route=%2Fwp%2Fv2%2Ftags&post=785"}],"curies":[{"name":"wp","href":"https:\/\/api.w.org\/{rel}","templated":true}]}}