{"id":7901,"date":"2026-04-27T18:40:56","date_gmt":"2026-04-27T21:40:56","guid":{"rendered":"https:\/\/circuitosalta.com.ar\/?p=7901"},"modified":"2026-04-27T18:40:58","modified_gmt":"2026-04-27T21:40:58","slug":"salta-y-mendoza-consolidan-su-alianza-de-promocion-turistica","status":"publish","type":"post","link":"https:\/\/circuitosalta.com.ar\/?p=7901","title":{"rendered":"Salta y Mendoza consolidan su alianza de promoci\u00f3n tur\u00edstica"},"content":{"rendered":"\n<p><strong><em>La ministra de Turismo y Deportes se reuni\u00f3 con el titular de la Asociaci\u00f3n Mendocina de Agentes de Viajes para coordinar una agenda de integraci\u00f3n que potencie el desarrollo de nuevos mercados y oportunidades para el sector.<\/em><\/strong><\/p>\n\n\n\n<p>Bajo la estrategia de articulaci\u00f3n p\u00fablico-privada, la ministra de Turismo y Deportes de Salta, Manuela Arancibia, recibi\u00f3 al presidente de la Asociaci\u00f3n Mendocina de Agentes de Viajes (AMAVyT), Guillermo Sallito. El encuentro tuvo como eje central profundizar el v\u00ednculo entre ambos destinos y coordinar la participaci\u00f3n provincial en eventos de relevancia nacional.<\/p>\n\n\n\n<p>Durante la jornada, se extendi\u00f3 la invitaci\u00f3n formal para que Salta participe en el Congreso de Agentes de Viajes, que se desarrollar\u00e1 en Mendoza los d\u00edas 28 y 29 de mayo. En este marco, se llevar\u00e1 a cabo un workshop dise\u00f1ado para que los operadores de diversas regiones establezcan lazos comerciales directos y compartan modelos de gesti\u00f3n exitosos.<\/p>\n\n\n\n<p>Al respecto, Arancibia se\u00f1al\u00f3: \u00abLa labor colaborativa con otras provincias es fundamental para mantener el posicionamiento de Salta en el mapa tur\u00edstico nacional. Estas acciones no solo fortalecen la promoci\u00f3n de nuestros atractivos, sino que generan oportunidades reales de crecimiento para el sector privado\u00bb.<\/p>\n\n\n\n<p>La reuni\u00f3n cont\u00f3, adem\u00e1s, con la participaci\u00f3n del presidente de la C\u00e1mara de Turismo de Salta, Facundo Assaf, y la titular de la Asociaci\u00f3n Salte\u00f1a de Agencias de Viajes (ASAT), L\u00eda Rivella. Ambos referentes aportaron la perspectiva del empresariado local para robustecer el intercambio de experiencias con la provincia cuyana.<\/p>\n\n\n\n<p>Con esta iniciativa, el Ministerio de Turismo y Deportes reafirma su compromiso con la articulaci\u00f3n regional, buscando potenciar la competitividad del sector y dinamizar el flujo de visitantes a trav\u00e9s del canal profesional de las agencias de viajes.<\/p>\n\n\n\n<hr class=\"wp-block-separator has-alpha-channel-opacity\"\/>\n\n\n\n<p>Fuente:&nbsp;<strong>Secretar\u00eda de Prensa y Comunicaci\u00f3n<\/strong><\/p>\n","protected":false},"excerpt":{"rendered":"<p>La ministra de Turismo y Deportes se reuni\u00f3 con el titular de la Asociaci\u00f3n Mendocina de Agentes de Viajes para coordinar una agenda de integraci\u00f3n que potencie el desarrollo de nuevos mercados y oportunidades para el sector. Bajo la estrategia de articulaci\u00f3n p\u00fablico-privada, la ministra de Turismo y Deportes de Salta, Manuela Arancibia, recibi\u00f3 al [&hellip;]<\/p>\n","protected":false},"author":1,"featured_media":7902,"comment_status":"open","ping_status":"open","sticky":false,"template":"","format":"standard","meta":{"tdm_status":"","tdm_grid_status":"","footnotes":""},"categories":[18],"tags":[],"class_list":{"0":"post-7901","1":"post","2":"type-post","3":"status-publish","4":"format-standard","5":"has-post-thumbnail","7":"category-rutas-y-caminos"},"_links":{"self":[{"href":"https:\/\/circuitosalta.com.ar\/index.php?rest_route=\/wp\/v2\/posts\/7901"}],"collection":[{"href":"https:\/\/circuitosalta.com.ar\/index.php?rest_route=\/wp\/v2\/posts"}],"about":[{"href":"https:\/\/circuitosalta.com.ar\/index.php?rest_route=\/wp\/v2\/types\/post"}],"author":[{"embeddable":true,"href":"https:\/\/circuitosalta.com.ar\/index.php?rest_route=\/wp\/v2\/users\/1"}],"replies":[{"embeddable":true,"href":"https:\/\/circuitosalta.com.ar\/index.php?rest_route=%2Fwp%2Fv2%2Fcomments&post=7901"}],"version-history":[{"count":1,"href":"https:\/\/circuitosalta.com.ar\/index.php?rest_route=\/wp\/v2\/posts\/7901\/revisions"}],"predecessor-version":[{"id":7903,"href":"https:\/\/circuitosalta.com.ar\/index.php?rest_route=\/wp\/v2\/posts\/7901\/revisions\/7903"}],"wp:featuredmedia":[{"embeddable":true,"href":"https:\/\/circuitosalta.com.ar\/index.php?rest_route=\/wp\/v2\/media\/7902"}],"wp:attachment":[{"href":"https:\/\/circuitosalta.com.ar\/index.php?rest_route=%2Fwp%2Fv2%2Fmedia&parent=7901"}],"wp:term":[{"taxonomy":"category","embeddable":true,"href":"https:\/\/circuitosalta.com.ar\/index.php?rest_route=%2Fwp%2Fv2%2Fcategories&post=7901"},{"taxonomy":"post_tag","embeddable":true,"href":"https:\/\/circuitosalta.com.ar\/index.php?rest_route=%2Fwp%2Fv2%2Ftags&post=7901"}],"curies":[{"name":"wp","href":"https:\/\/api.w.org\/{rel}","templated":true}]}}