{"id":798,"date":"2022-05-25T17:55:29","date_gmt":"2022-05-25T20:55:29","guid":{"rendered":"https:\/\/circuitosalta.com.ar\/?p=798"},"modified":"2022-05-25T17:55:31","modified_gmt":"2022-05-25T20:55:31","slug":"la-municipalidad-invita-a-disfrutar-de-la-pelicula-francesa-la-madrugada","status":"publish","type":"post","link":"https:\/\/circuitosalta.com.ar\/?p=798","title":{"rendered":"La Municipalidad invita a disfrutar de la pel\u00edcula francesa \u00abLa Madrugada\u00bb"},"content":{"rendered":"\n<h4 class=\"has-cyan-bluish-gray-color has-text-color has-background wp-block-heading\" style=\"background-color:#c51642\"><strong>Ser\u00e1 este jueves 26 desde las 20.30 en calle Santa Fe 20. Al finalizar la proyecci\u00f3n se brindar\u00e1 una charla debate a cargo de su director, Francesco Garbo y la protagonista, la cantante francesa Mandy Lerouge. Tendr\u00e1 entrada libre y gratuita.<\/strong><\/h4>\n\n\n\n<p>La Municipalidad de Salta a trav\u00e9s de la Secretar\u00eda de Cultura y Turismo invita a participar de la proyecci\u00f3n de la pel\u00edcula \u00abLa Madrugada\u00bb, este jueves 26 de mayo desde las 20.30 en la sede de la Alianza Francesa, Santa Fe 20.&nbsp;<\/p>\n\n\n\n<p>Ser\u00e1 con entrada libre y gratuita. Contar\u00e1 con una charla posterior a cargo del director del films Francesco Garbo y la cantante francesa Mandy Lerouge.&nbsp;<\/p>\n\n\n\n<p>\u00abContar con el respaldo municipal forma parte del intercambio natural por las culturas. Esta pel\u00edcula que vamos a ver realiza una melange de lo argentino con franc\u00e9s. Para nosotros es muy importante todo lo que sea cultura, estamos para apoyar y difundir. Es uno de los objetivos en Salta y en el pa\u00eds\u201d coment\u00f3 el presidente de la Alianza Francesa en Salta, Phillipe Garcin.&nbsp;<\/p>\n\n\n\n<p>La presentaci\u00f3n cuenta con el apoyo del Instituto Franc\u00e9s; el Centro Nacional de la M\u00fasica de Francia; la Ciudad de Marsella de Francia; la Embajada de Francia y la Alianza Francesa en Argentina.<\/p>\n\n\n\n<figure class=\"wp-block-image size-full\"><img fetchpriority=\"high\" decoding=\"async\" width=\"1024\" height=\"723\" src=\"https:\/\/circuitosalta.com.ar\/wp-content\/uploads\/2022\/05\/alizna-francesa-1024x723-1.png\" alt=\"\" class=\"wp-image-799\" srcset=\"https:\/\/circuitosalta.com.ar\/wp-content\/uploads\/2022\/05\/alizna-francesa-1024x723-1.png 1024w, https:\/\/circuitosalta.com.ar\/wp-content\/uploads\/2022\/05\/alizna-francesa-1024x723-1-300x212.png 300w, https:\/\/circuitosalta.com.ar\/wp-content\/uploads\/2022\/05\/alizna-francesa-1024x723-1-768x542.png 768w, https:\/\/circuitosalta.com.ar\/wp-content\/uploads\/2022\/05\/alizna-francesa-1024x723-1-696x491.png 696w, https:\/\/circuitosalta.com.ar\/wp-content\/uploads\/2022\/05\/alizna-francesa-1024x723-1-595x420.png 595w, https:\/\/circuitosalta.com.ar\/wp-content\/uploads\/2022\/05\/alizna-francesa-1024x723-1-100x70.png 100w\" sizes=\"(max-width: 1024px) 100vw, 1024px\" \/><\/figure>\n\n\n\n<p><strong>Sobre la pel\u00edcula<\/strong><\/p>\n\n\n\n<p>Es un viaje cinematogr\u00e1fico por los Alpes Franceses, donde creci\u00f3 Mandy Lerouge, cantante francesa que se enamor\u00f3 de las m\u00fasicas y culturas argentinas.&nbsp;<\/p>\n\n\n\n<p>Dirigida por Francesco Garbo, fue filmada en plena pandemia en escenarios naturales, con m\u00fasica argentina en vivo. Verdadero homenaje a los paisajes de Francia y a las culturas argentinas.<\/p>\n\n\n\n<figure class=\"wp-block-image size-full\"><img decoding=\"async\" width=\"1024\" height=\"541\" src=\"https:\/\/circuitosalta.com.ar\/wp-content\/uploads\/2022\/05\/peli-frances-1024x541-1.png\" alt=\"\" class=\"wp-image-800\" srcset=\"https:\/\/circuitosalta.com.ar\/wp-content\/uploads\/2022\/05\/peli-frances-1024x541-1.png 1024w, https:\/\/circuitosalta.com.ar\/wp-content\/uploads\/2022\/05\/peli-frances-1024x541-1-300x158.png 300w, https:\/\/circuitosalta.com.ar\/wp-content\/uploads\/2022\/05\/peli-frances-1024x541-1-768x406.png 768w, https:\/\/circuitosalta.com.ar\/wp-content\/uploads\/2022\/05\/peli-frances-1024x541-1-696x368.png 696w, https:\/\/circuitosalta.com.ar\/wp-content\/uploads\/2022\/05\/peli-frances-1024x541-1-795x420.png 795w\" sizes=\"(max-width: 1024px) 100vw, 1024px\" \/><\/figure>\n","protected":false},"excerpt":{"rendered":"<p>Ser\u00e1 este jueves 26 desde las 20.30 en calle Santa Fe 20. Al finalizar la proyecci\u00f3n se brindar\u00e1 una charla debate a cargo de su director, Francesco Garbo y la protagonista, la cantante francesa Mandy Lerouge. Tendr\u00e1 entrada libre y gratuita. La Municipalidad de Salta a trav\u00e9s de la Secretar\u00eda de Cultura y Turismo invita [&hellip;]<\/p>\n","protected":false},"author":2,"featured_media":801,"comment_status":"open","ping_status":"open","sticky":false,"template":"","format":"standard","meta":{"tdm_status":"","tdm_grid_status":"","footnotes":""},"categories":[26],"tags":[],"class_list":{"0":"post-798","1":"post","2":"type-post","3":"status-publish","4":"format-standard","5":"has-post-thumbnail","7":"category-culturales"},"_links":{"self":[{"href":"https:\/\/circuitosalta.com.ar\/index.php?rest_route=\/wp\/v2\/posts\/798"}],"collection":[{"href":"https:\/\/circuitosalta.com.ar\/index.php?rest_route=\/wp\/v2\/posts"}],"about":[{"href":"https:\/\/circuitosalta.com.ar\/index.php?rest_route=\/wp\/v2\/types\/post"}],"author":[{"embeddable":true,"href":"https:\/\/circuitosalta.com.ar\/index.php?rest_route=\/wp\/v2\/users\/2"}],"replies":[{"embeddable":true,"href":"https:\/\/circuitosalta.com.ar\/index.php?rest_route=%2Fwp%2Fv2%2Fcomments&post=798"}],"version-history":[{"count":1,"href":"https:\/\/circuitosalta.com.ar\/index.php?rest_route=\/wp\/v2\/posts\/798\/revisions"}],"predecessor-version":[{"id":802,"href":"https:\/\/circuitosalta.com.ar\/index.php?rest_route=\/wp\/v2\/posts\/798\/revisions\/802"}],"wp:featuredmedia":[{"embeddable":true,"href":"https:\/\/circuitosalta.com.ar\/index.php?rest_route=\/wp\/v2\/media\/801"}],"wp:attachment":[{"href":"https:\/\/circuitosalta.com.ar\/index.php?rest_route=%2Fwp%2Fv2%2Fmedia&parent=798"}],"wp:term":[{"taxonomy":"category","embeddable":true,"href":"https:\/\/circuitosalta.com.ar\/index.php?rest_route=%2Fwp%2Fv2%2Fcategories&post=798"},{"taxonomy":"post_tag","embeddable":true,"href":"https:\/\/circuitosalta.com.ar\/index.php?rest_route=%2Fwp%2Fv2%2Ftags&post=798"}],"curies":[{"name":"wp","href":"https:\/\/api.w.org\/{rel}","templated":true}]}}