{"id":803,"date":"2022-05-25T18:06:29","date_gmt":"2022-05-25T21:06:29","guid":{"rendered":"https:\/\/circuitosalta.com.ar\/?p=803"},"modified":"2022-05-25T18:07:47","modified_gmt":"2022-05-25T21:07:47","slug":"la-municipalidad-de-la-ciudad-participa-del-primer-encuentro-regional-de-estudiantes-de-turismo","status":"publish","type":"post","link":"https:\/\/circuitosalta.com.ar\/?p=803","title":{"rendered":"La Municipalidad de la ciudad de Salta, participa del Primer Encuentro Regional de Estudiantes de Turismo"},"content":{"rendered":"\n<h5 class=\"has-cyan-bluish-gray-color has-text-color has-background wp-block-heading\" style=\"background-color:#8e0a2b\"><strong>Se disertar\u00e1 sobre el turismo LGBTIQ+ y la participaci\u00f3n de los j\u00f3venes. Se realizar\u00e1 en el Centro de Convenciones de Limache, del 26 al 28 de mayo. Convocar\u00e1 a estudiantes de las provincias de Salta, Jujuy, La Rioja, Catamarca y Tucum\u00e1n.<\/strong><\/h5>\n\n\n\n<p>La municipalidad de Salta a trav\u00e9s de la Secretar\u00eda de Cultura y Turismo, apoya y participa del Primer Encuentro Regional de Estudiantes de Turismo organizado por la Asociaci\u00f3n Nacional de Estudiantes de Turismo (ANET). Se realizar\u00e1 del 26 al 28 de mayo, en el Centro de Convenciones de Limache.<\/p>\n\n\n\n<p>Declarado de Inter\u00e9s Tur\u00edstico, por resoluci\u00f3n N\u00ba028, este encuentro tiene el objetivo de: compartir y actualizar los contenidos en tem\u00e1ticas tur\u00edsticas; hacer un centro de reuni\u00f3n de los estudiantes de la regi\u00f3n; incorporar conocimientos para la profesionalizaci\u00f3n y el desarrollo de tem\u00e1ticas acad\u00e9micas .<\/p>\n\n\n\n<p>El acto de apertura oficial se realizar\u00e1 este jueves, 26 de mayo, a las 10.30 con la participaci\u00f3n de la Banda de M\u00fasica municipal \u201c25 de mayo\u201d y autoridades. Contar\u00e1 con la participaci\u00f3n de estudiantes de las provincias de Salta, Jujuy, La Rioja, Catamarca y Tucum\u00e1n.<\/p>\n\n\n\n<p>Dentro del programa que se desarrollar\u00e1, en este primer encuentro, la municipalidad presentar\u00e1 los temas: \u00abLa participaci\u00f3n de los j\u00f3venes en el desarrollo tur\u00edstico\u00bb y \u00bb Turismo LGBTIQ+\u00bb en la Ciudad de Salta.&nbsp;<\/p>\n\n\n\n<p>\u00abEste tipo de encuentros permite conocernos entre nosotros y aprender de los disertantes ya que se abordan temas que no tenemos en la carrera y que fueron surgiendo a medida que el turismo se fue actualizando, por ejemplo el tema accesibilidad. Analizaremos nuestra situaci\u00f3n acad\u00e9mica en cada provincia y compartiremos experiencia sobre todo en lo laboral\u00bb explic\u00f3 Gustavo P\u00e9rez Vel\u00e1zquez, delegado titular de ANET, delegaci\u00f3n Salta.<\/p>\n\n\n\n<p>Agregando que, \u00abla municipalidad nos brind\u00f3 una gran ayuda desde la Secretar\u00eda de Turismo y Cultura, sumada a la predisposici\u00f3n de la Intendenta para con los estudiantes de turismo, desde el a\u00f1o pasado con el programa&nbsp; \u201cAnfitriones Tur\u00edsticos\u201d y su reconocimiento en el acto de fin del 2021, que para nosotros fue un gran respaldo\u00bb.&nbsp;<\/p>\n","protected":false},"excerpt":{"rendered":"<p>Se disertar\u00e1 sobre el turismo LGBTIQ+ y la participaci\u00f3n de los j\u00f3venes. Se realizar\u00e1 en el Centro de Convenciones de Limache, del 26 al 28 de mayo. Convocar\u00e1 a estudiantes de las provincias de Salta, Jujuy, La Rioja, Catamarca y Tucum\u00e1n. La municipalidad de Salta a trav\u00e9s de la Secretar\u00eda de Cultura y Turismo, apoya [&hellip;]<\/p>\n","protected":false},"author":2,"featured_media":804,"comment_status":"open","ping_status":"open","sticky":false,"template":"","format":"standard","meta":{"tdm_status":"","tdm_grid_status":"","footnotes":""},"categories":[16],"tags":[],"class_list":{"0":"post-803","1":"post","2":"type-post","3":"status-publish","4":"format-standard","5":"has-post-thumbnail","7":"category-ferias-y-congresos"},"_links":{"self":[{"href":"https:\/\/circuitosalta.com.ar\/index.php?rest_route=\/wp\/v2\/posts\/803"}],"collection":[{"href":"https:\/\/circuitosalta.com.ar\/index.php?rest_route=\/wp\/v2\/posts"}],"about":[{"href":"https:\/\/circuitosalta.com.ar\/index.php?rest_route=\/wp\/v2\/types\/post"}],"author":[{"embeddable":true,"href":"https:\/\/circuitosalta.com.ar\/index.php?rest_route=\/wp\/v2\/users\/2"}],"replies":[{"embeddable":true,"href":"https:\/\/circuitosalta.com.ar\/index.php?rest_route=%2Fwp%2Fv2%2Fcomments&post=803"}],"version-history":[{"count":2,"href":"https:\/\/circuitosalta.com.ar\/index.php?rest_route=\/wp\/v2\/posts\/803\/revisions"}],"predecessor-version":[{"id":806,"href":"https:\/\/circuitosalta.com.ar\/index.php?rest_route=\/wp\/v2\/posts\/803\/revisions\/806"}],"wp:featuredmedia":[{"embeddable":true,"href":"https:\/\/circuitosalta.com.ar\/index.php?rest_route=\/wp\/v2\/media\/804"}],"wp:attachment":[{"href":"https:\/\/circuitosalta.com.ar\/index.php?rest_route=%2Fwp%2Fv2%2Fmedia&parent=803"}],"wp:term":[{"taxonomy":"category","embeddable":true,"href":"https:\/\/circuitosalta.com.ar\/index.php?rest_route=%2Fwp%2Fv2%2Fcategories&post=803"},{"taxonomy":"post_tag","embeddable":true,"href":"https:\/\/circuitosalta.com.ar\/index.php?rest_route=%2Fwp%2Fv2%2Ftags&post=803"}],"curies":[{"name":"wp","href":"https:\/\/api.w.org\/{rel}","templated":true}]}}