{"id":812,"date":"2022-05-26T09:46:18","date_gmt":"2022-05-26T12:46:18","guid":{"rendered":"https:\/\/circuitosalta.com.ar\/?p=812"},"modified":"2022-05-26T09:46:21","modified_gmt":"2022-05-26T12:46:21","slug":"el-1-de-junio-se-realizara-una-jornada-de-mentoria-y-capacitacion-para-emprendedores-turisticos","status":"publish","type":"post","link":"https:\/\/circuitosalta.com.ar\/?p=812","title":{"rendered":"El 1 de junio se realizar\u00e1 una jornada de mentor\u00eda y capacitaci\u00f3n para emprendedores tur\u00edsticos"},"content":{"rendered":"\n<h5 class=\"has-cyan-bluish-gray-color has-text-color has-background wp-block-heading\" style=\"background-color:#4a0415\">Emprendedores en Acci\u00f3n por el Turismo en Salta se desarrollar\u00e1 en la Usina Cultural. Las inscripciones est\u00e1n abiertas en www.turismotecapacita.com<\/h5>\n\n\n\n<p>El Ministerio de Turismo y Deportes de Salta invita a participar de la Jornada, \u201cEmprendedores en Acci\u00f3n por el Turismo en Salta\u201d que el 1 de junio se llevar\u00e1 a cabo de 9 a 17 horas en la Usina Cultural.<\/p>\n\n\n\n<p>La pandemia gener\u00f3 desaf\u00edos para el sector que son abordados a trav\u00e9s de un trabajo de capacitaci\u00f3n y mentor\u00eda para continuar optimizando a trav\u00e9s de los detalles, la experiencia tur\u00edstica en el destino.<\/p>\n\n\n\n<p>&nbsp;La jornada servir\u00e1 para visibilizar la oferta de productos y servicios mediante la organizaci\u00f3n de una feria de emprendedores; propiciar la vinculaci\u00f3n de los emprendimientos con referentes del sector privado y acercar herramientas de cr\u00e9ditos vigentes para el sector tur\u00edstico, son otros de los objetivos.<\/p>\n\n\n\n<p>Detalles de la jornada<\/p>\n\n\n\n<p>Durante la ma\u00f1ana se realizar\u00e1 la presentaci\u00f3n del Programa \u201cEl Poder de los Detalles\u201d y una serie de charlas inspiradoras con temas de inter\u00e9s para los prestadores y testimonio de Emprende &#8211; Turismo.<\/p>\n\n\n\n<p>Por la tarde, se desarrollar\u00e1n las siguientes actividades: Rondas de Prensa, Rondas de Negocios, Feria de Emprendedores, Consultorio de l\u00edneas de Cr\u00e9dito, Mesas de trabajo y el Espacio Matera, con testimonio de los emprendedores.<\/p>\n\n\n\n<p>Cabe aclarar que las mesas de trabajo, estar\u00e1n guiadas por los mentores para que los emprendedores puedan aplicar en sus servicios, lo aprendido en las charlas.<\/p>\n\n\n\n<p>Las inscripciones est\u00e1n abiertas en www.turismotecapacita.com<\/p>\n\n\n\n<hr class=\"wp-block-separator\"\/>\n\n\n\n<p>Fuente:\u00a0<strong><a href=\"https:\/\/www.salta.gob.ar\/prensa\/noticias\/el-1-de-junio-se-realizara-una-jornada-de-mentoria-y-capacitacion-para-emprendedores-turisticos-82591\" target=\"_blank\" rel=\"noreferrer noopener\">Secretar\u00eda de Prensa y Comunicaci\u00f3n<\/a><\/strong><\/p>\n","protected":false},"excerpt":{"rendered":"<p>Emprendedores en Acci\u00f3n por el Turismo en Salta se desarrollar\u00e1 en la Usina Cultural. Las inscripciones est\u00e1n abiertas en www.turismotecapacita.com El Ministerio de Turismo y Deportes de Salta invita a participar de la Jornada, \u201cEmprendedores en Acci\u00f3n por el Turismo en Salta\u201d que el 1 de junio se llevar\u00e1 a cabo de 9 a 17 [&hellip;]<\/p>\n","protected":false},"author":2,"featured_media":813,"comment_status":"open","ping_status":"open","sticky":false,"template":"","format":"standard","meta":{"tdm_status":"","tdm_grid_status":"","footnotes":""},"categories":[14],"tags":[],"class_list":{"0":"post-812","1":"post","2":"type-post","3":"status-publish","4":"format-standard","5":"has-post-thumbnail","7":"category-anuncios"},"_links":{"self":[{"href":"https:\/\/circuitosalta.com.ar\/index.php?rest_route=\/wp\/v2\/posts\/812"}],"collection":[{"href":"https:\/\/circuitosalta.com.ar\/index.php?rest_route=\/wp\/v2\/posts"}],"about":[{"href":"https:\/\/circuitosalta.com.ar\/index.php?rest_route=\/wp\/v2\/types\/post"}],"author":[{"embeddable":true,"href":"https:\/\/circuitosalta.com.ar\/index.php?rest_route=\/wp\/v2\/users\/2"}],"replies":[{"embeddable":true,"href":"https:\/\/circuitosalta.com.ar\/index.php?rest_route=%2Fwp%2Fv2%2Fcomments&post=812"}],"version-history":[{"count":1,"href":"https:\/\/circuitosalta.com.ar\/index.php?rest_route=\/wp\/v2\/posts\/812\/revisions"}],"predecessor-version":[{"id":814,"href":"https:\/\/circuitosalta.com.ar\/index.php?rest_route=\/wp\/v2\/posts\/812\/revisions\/814"}],"wp:featuredmedia":[{"embeddable":true,"href":"https:\/\/circuitosalta.com.ar\/index.php?rest_route=\/wp\/v2\/media\/813"}],"wp:attachment":[{"href":"https:\/\/circuitosalta.com.ar\/index.php?rest_route=%2Fwp%2Fv2%2Fmedia&parent=812"}],"wp:term":[{"taxonomy":"category","embeddable":true,"href":"https:\/\/circuitosalta.com.ar\/index.php?rest_route=%2Fwp%2Fv2%2Fcategories&post=812"},{"taxonomy":"post_tag","embeddable":true,"href":"https:\/\/circuitosalta.com.ar\/index.php?rest_route=%2Fwp%2Fv2%2Ftags&post=812"}],"curies":[{"name":"wp","href":"https:\/\/api.w.org\/{rel}","templated":true}]}}