{"id":815,"date":"2022-05-26T09:50:34","date_gmt":"2022-05-26T12:50:34","guid":{"rendered":"https:\/\/circuitosalta.com.ar\/?p=815"},"modified":"2022-05-26T09:50:37","modified_gmt":"2022-05-26T12:50:37","slug":"en-el-encuentro-de-la-cultura-nativa-se-conmemoro-el-25-de-mayo-con-actividades-deportivas-y-culturales","status":"publish","type":"post","link":"https:\/\/circuitosalta.com.ar\/?p=815","title":{"rendered":"En el Encuentro de la Cultura Nativa se conmemor\u00f3 el 25 de Mayo con actividades deportivas y culturales"},"content":{"rendered":"\n<h5 class=\"has-white-color has-text-color has-background wp-block-heading\" style=\"background-color:#8b0526\">Se realizan en parajes de Santa Victoria Este, actividades deportivas, culturales educativas, de promoci\u00f3n de salud y solidarias a trav\u00e9s de la Fundaci\u00f3n Cultura Nativa y el acompa\u00f1amiento del Gobierno de Salta.<\/h5>\n\n\n\n<p>Una nueva edici\u00f3n del Encuentro de la Cultura Nativa se lleva a cabo en el paraje La Merced, Santa Victoria Este, encabezado por el cantautor Jorge Rojas quien desde hace a\u00f1os desarrolla acciones de promoci\u00f3n social en esta regi\u00f3n del departamento salte\u00f1o de Rivadavia.<\/p>\n\n\n\n<p>El ministro de Turismo y Deportes, Mario Pe\u00f1a, recorri\u00f3 la zona este mi\u00e9rcoles 25 de Mayo junto a Jorge Rojas, donde se llevaron a cabo actividades programadas en el marco del Encuentro. Desde el domingo la agenda incluye acciones deportivas, de promoci\u00f3n de salud, de acci\u00f3n social y educativas.<\/p>\n\n\n\n<p>\u201cEste 25 de Mayo lo celebramos en el paraje La Merced junto a Jorge Rojas donde la Fundaci\u00f3n Cultura Nativa realiza una tarea incre\u00edble que promueve desarrollo y progreso. Desde nuestro lugar acompa\u00f1amos con la mirada federal que nos marca el gobernador Gustavo S\u00e1enz para que esa visi\u00f3n de igualdad de oportunidades sea una realidad\u201d, indic\u00f3 el ministro Pe\u00f1a.<\/p>\n\n\n\n<p>El Gobierno provincial a trav\u00e9s de diversas \u00e1reas acompa\u00f1a estas acciones que se refleja con obras principalmente en parajes del municipio Santa Victoria Este, cerca del l\u00edmite tripartito entre Argentina, Paraguay y Bolivia. Empresas del sector privado tambi\u00e9n realizan a\u00f1o a a\u00f1o un importante aporte a trav\u00e9s de la Fundaci\u00f3n.<\/p>\n\n\n\n<figure class=\"wp-block-gallery has-nested-images columns-default is-cropped wp-block-gallery-1 is-layout-flex wp-block-gallery-is-layout-flex\">\n<figure class=\"wp-block-image size-large\"><img fetchpriority=\"high\" decoding=\"async\" width=\"957\" height=\"600\" data-id=\"817\" src=\"https:\/\/circuitosalta.com.ar\/wp-content\/uploads\/2022\/05\/665-en-el-encuentro-de-la-cultura-nativa-se-conmemoro-el-25-de-mayo-con-actividades-deportivas-y-culturales.jpg\" alt=\"\" class=\"wp-image-817\" srcset=\"https:\/\/circuitosalta.com.ar\/wp-content\/uploads\/2022\/05\/665-en-el-encuentro-de-la-cultura-nativa-se-conmemoro-el-25-de-mayo-con-actividades-deportivas-y-culturales.jpg 957w, https:\/\/circuitosalta.com.ar\/wp-content\/uploads\/2022\/05\/665-en-el-encuentro-de-la-cultura-nativa-se-conmemoro-el-25-de-mayo-con-actividades-deportivas-y-culturales-300x188.jpg 300w, https:\/\/circuitosalta.com.ar\/wp-content\/uploads\/2022\/05\/665-en-el-encuentro-de-la-cultura-nativa-se-conmemoro-el-25-de-mayo-con-actividades-deportivas-y-culturales-768x482.jpg 768w, https:\/\/circuitosalta.com.ar\/wp-content\/uploads\/2022\/05\/665-en-el-encuentro-de-la-cultura-nativa-se-conmemoro-el-25-de-mayo-con-actividades-deportivas-y-culturales-696x436.jpg 696w, https:\/\/circuitosalta.com.ar\/wp-content\/uploads\/2022\/05\/665-en-el-encuentro-de-la-cultura-nativa-se-conmemoro-el-25-de-mayo-con-actividades-deportivas-y-culturales-670x420.jpg 670w\" sizes=\"(max-width: 957px) 100vw, 957px\" \/><\/figure>\n\n\n\n<figure class=\"wp-block-image size-large\"><img decoding=\"async\" width=\"899\" height=\"600\" data-id=\"818\" src=\"https:\/\/circuitosalta.com.ar\/wp-content\/uploads\/2022\/05\/667-en-el-encuentro-de-la-cultura-nativa-se-conmemoro-el-25-de-mayo-con-actividades-deportivas-y-culturales.jpg\" alt=\"\" class=\"wp-image-818\" srcset=\"https:\/\/circuitosalta.com.ar\/wp-content\/uploads\/2022\/05\/667-en-el-encuentro-de-la-cultura-nativa-se-conmemoro-el-25-de-mayo-con-actividades-deportivas-y-culturales.jpg 899w, https:\/\/circuitosalta.com.ar\/wp-content\/uploads\/2022\/05\/667-en-el-encuentro-de-la-cultura-nativa-se-conmemoro-el-25-de-mayo-con-actividades-deportivas-y-culturales-300x200.jpg 300w, https:\/\/circuitosalta.com.ar\/wp-content\/uploads\/2022\/05\/667-en-el-encuentro-de-la-cultura-nativa-se-conmemoro-el-25-de-mayo-con-actividades-deportivas-y-culturales-768x513.jpg 768w, https:\/\/circuitosalta.com.ar\/wp-content\/uploads\/2022\/05\/667-en-el-encuentro-de-la-cultura-nativa-se-conmemoro-el-25-de-mayo-con-actividades-deportivas-y-culturales-696x465.jpg 696w, https:\/\/circuitosalta.com.ar\/wp-content\/uploads\/2022\/05\/667-en-el-encuentro-de-la-cultura-nativa-se-conmemoro-el-25-de-mayo-con-actividades-deportivas-y-culturales-629x420.jpg 629w\" sizes=\"(max-width: 899px) 100vw, 899px\" \/><\/figure>\n\n\n\n<figure class=\"wp-block-image size-large\"><img decoding=\"async\" width=\"560\" height=\"362\" data-id=\"816\" src=\"https:\/\/circuitosalta.com.ar\/wp-content\/uploads\/2022\/05\/82597-en-el-encuentro-de-la-cultura-nativa-se-conmemoro-el-25-de-mayo-con-actividades-deportivas-y-culturales-20220525234324.jpg\" alt=\"\" class=\"wp-image-816\" srcset=\"https:\/\/circuitosalta.com.ar\/wp-content\/uploads\/2022\/05\/82597-en-el-encuentro-de-la-cultura-nativa-se-conmemoro-el-25-de-mayo-con-actividades-deportivas-y-culturales-20220525234324.jpg 560w, https:\/\/circuitosalta.com.ar\/wp-content\/uploads\/2022\/05\/82597-en-el-encuentro-de-la-cultura-nativa-se-conmemoro-el-25-de-mayo-con-actividades-deportivas-y-culturales-20220525234324-300x194.jpg 300w\" sizes=\"(max-width: 560px) 100vw, 560px\" \/><\/figure>\n<\/figure>\n","protected":false},"excerpt":{"rendered":"<p>Se realizan en parajes de Santa Victoria Este, actividades deportivas, culturales educativas, de promoci\u00f3n de salud y solidarias a trav\u00e9s de la Fundaci\u00f3n Cultura Nativa y el acompa\u00f1amiento del Gobierno de Salta. Una nueva edici\u00f3n del Encuentro de la Cultura Nativa se lleva a cabo en el paraje La Merced, Santa Victoria Este, encabezado por [&hellip;]<\/p>\n","protected":false},"author":2,"featured_media":816,"comment_status":"open","ping_status":"open","sticky":false,"template":"","format":"standard","meta":{"tdm_status":"","tdm_grid_status":"","footnotes":""},"categories":[26,13],"tags":[],"class_list":{"0":"post-815","1":"post","2":"type-post","3":"status-publish","4":"format-standard","5":"has-post-thumbnail","7":"category-culturales","8":"category-festivales"},"_links":{"self":[{"href":"https:\/\/circuitosalta.com.ar\/index.php?rest_route=\/wp\/v2\/posts\/815"}],"collection":[{"href":"https:\/\/circuitosalta.com.ar\/index.php?rest_route=\/wp\/v2\/posts"}],"about":[{"href":"https:\/\/circuitosalta.com.ar\/index.php?rest_route=\/wp\/v2\/types\/post"}],"author":[{"embeddable":true,"href":"https:\/\/circuitosalta.com.ar\/index.php?rest_route=\/wp\/v2\/users\/2"}],"replies":[{"embeddable":true,"href":"https:\/\/circuitosalta.com.ar\/index.php?rest_route=%2Fwp%2Fv2%2Fcomments&post=815"}],"version-history":[{"count":1,"href":"https:\/\/circuitosalta.com.ar\/index.php?rest_route=\/wp\/v2\/posts\/815\/revisions"}],"predecessor-version":[{"id":819,"href":"https:\/\/circuitosalta.com.ar\/index.php?rest_route=\/wp\/v2\/posts\/815\/revisions\/819"}],"wp:featuredmedia":[{"embeddable":true,"href":"https:\/\/circuitosalta.com.ar\/index.php?rest_route=\/wp\/v2\/media\/816"}],"wp:attachment":[{"href":"https:\/\/circuitosalta.com.ar\/index.php?rest_route=%2Fwp%2Fv2%2Fmedia&parent=815"}],"wp:term":[{"taxonomy":"category","embeddable":true,"href":"https:\/\/circuitosalta.com.ar\/index.php?rest_route=%2Fwp%2Fv2%2Fcategories&post=815"},{"taxonomy":"post_tag","embeddable":true,"href":"https:\/\/circuitosalta.com.ar\/index.php?rest_route=%2Fwp%2Fv2%2Ftags&post=815"}],"curies":[{"name":"wp","href":"https:\/\/api.w.org\/{rel}","templated":true}]}}