{"id":830,"date":"2022-05-29T21:56:57","date_gmt":"2022-05-30T00:56:57","guid":{"rendered":"https:\/\/circuitosalta.com.ar\/?p=830"},"modified":"2022-05-29T21:57:01","modified_gmt":"2022-05-30T00:57:01","slug":"la-gira-nacional-de-promocion-turistica-llega-a-la-patagonia-argentina","status":"publish","type":"post","link":"https:\/\/circuitosalta.com.ar\/?p=830","title":{"rendered":"La gira nacional de promoci\u00f3n tur\u00edstica llega a la Patagonia Argentina"},"content":{"rendered":"\n<h3 class=\"has-cyan-bluish-gray-color has-text-color has-background wp-block-heading\" style=\"background-color:#740420\">El equipo del Ministerio de Turismo y Deportes estar\u00e1 presente en Neuqu\u00e9n y R\u00edo Negro los pr\u00f3ximos 31 de mayo y 2 de junio.<\/h3>\n\n\n\n<p>Las acciones de marketing y comercializaci\u00f3n del destino Salta que el Gobierno realiza en el mercado nacional continuar\u00e1n la semana pr\u00f3xima en Neuqu\u00e9n y R\u00edo Negro, all\u00ed se llevar\u00e1n a cabo intervenciones dirigidas al consumidor final, operadores y prensa especializada.<\/p>\n\n\n\n<p>El cronograma previsto iniciar\u00e1 el 31 de mayo en Neuqu\u00e9n con la presentaci\u00f3n para el trade tur\u00edstico y medios de prensa. El fortalecimiento del v\u00ednculo con esta provincia resulta de importancia ya que Salta cuenta con una ruta de conexi\u00f3n a\u00e9rea directa a trav\u00e9s de Aerol\u00edneas Argentinas y Jet Smart.<\/p>\n\n\n\n<p>La caravana de promoci\u00f3n continuar\u00e1 con su trabajo en Bariloche, donde a partir del 2 de junio, tendr\u00e1n lugar acciones apuntadas a reforzar el tr\u00e1fico tur\u00edstico que se generar\u00e1 a partir de la puesta en funcionamiento de la ruta Salta &#8211; Bariloche que comenzar\u00e1 a operar en julio. Esta conexi\u00f3n in\u00e9dita produce un v\u00ednculo estrat\u00e9gico entre dos destinos que se posicionan como los m\u00e1s elegidos por los turistas.<\/p>\n\n\n\n<hr class=\"wp-block-separator\"\/>\n\n\n\n<p>Fuente:\u00a0<strong><a href=\"https:\/\/www.salta.gob.ar\/prensa\/noticias\/la-gira-nacional-de-promocion-turistica-llega-a-la-patagonia-argentina-82663\" target=\"_blank\" rel=\"noreferrer noopener\">Secretaria de Prensa y Comunicaci\u00f3n<\/a><\/strong><\/p>\n","protected":false},"excerpt":{"rendered":"<p>El equipo del Ministerio de Turismo y Deportes estar\u00e1 presente en Neuqu\u00e9n y R\u00edo Negro los pr\u00f3ximos 31 de mayo y 2 de junio. Las acciones de marketing y comercializaci\u00f3n del destino Salta que el Gobierno realiza en el mercado nacional continuar\u00e1n la semana pr\u00f3xima en Neuqu\u00e9n y R\u00edo Negro, all\u00ed se llevar\u00e1n a cabo [&hellip;]<\/p>\n","protected":false},"author":2,"featured_media":831,"comment_status":"open","ping_status":"open","sticky":false,"template":"","format":"standard","meta":{"tdm_status":"","tdm_grid_status":"","footnotes":""},"categories":[21,18],"tags":[],"class_list":{"0":"post-830","1":"post","2":"type-post","3":"status-publish","4":"format-standard","5":"has-post-thumbnail","7":"category-nacional","8":"category-rutas-y-caminos"},"_links":{"self":[{"href":"https:\/\/circuitosalta.com.ar\/index.php?rest_route=\/wp\/v2\/posts\/830"}],"collection":[{"href":"https:\/\/circuitosalta.com.ar\/index.php?rest_route=\/wp\/v2\/posts"}],"about":[{"href":"https:\/\/circuitosalta.com.ar\/index.php?rest_route=\/wp\/v2\/types\/post"}],"author":[{"embeddable":true,"href":"https:\/\/circuitosalta.com.ar\/index.php?rest_route=\/wp\/v2\/users\/2"}],"replies":[{"embeddable":true,"href":"https:\/\/circuitosalta.com.ar\/index.php?rest_route=%2Fwp%2Fv2%2Fcomments&post=830"}],"version-history":[{"count":1,"href":"https:\/\/circuitosalta.com.ar\/index.php?rest_route=\/wp\/v2\/posts\/830\/revisions"}],"predecessor-version":[{"id":832,"href":"https:\/\/circuitosalta.com.ar\/index.php?rest_route=\/wp\/v2\/posts\/830\/revisions\/832"}],"wp:featuredmedia":[{"embeddable":true,"href":"https:\/\/circuitosalta.com.ar\/index.php?rest_route=\/wp\/v2\/media\/831"}],"wp:attachment":[{"href":"https:\/\/circuitosalta.com.ar\/index.php?rest_route=%2Fwp%2Fv2%2Fmedia&parent=830"}],"wp:term":[{"taxonomy":"category","embeddable":true,"href":"https:\/\/circuitosalta.com.ar\/index.php?rest_route=%2Fwp%2Fv2%2Fcategories&post=830"},{"taxonomy":"post_tag","embeddable":true,"href":"https:\/\/circuitosalta.com.ar\/index.php?rest_route=%2Fwp%2Fv2%2Ftags&post=830"}],"curies":[{"name":"wp","href":"https:\/\/api.w.org\/{rel}","templated":true}]}}