{"id":834,"date":"2022-05-30T13:28:09","date_gmt":"2022-05-30T16:28:09","guid":{"rendered":"https:\/\/circuitosalta.com.ar\/?p=834"},"modified":"2022-05-30T13:28:12","modified_gmt":"2022-05-30T16:28:12","slug":"que-empresas-participaran-en-la-feria-internacional-de-turismo-fit-boniotur-2022-en-cusco","status":"publish","type":"post","link":"https:\/\/circuitosalta.com.ar\/?p=834","title":{"rendered":"\u00bfQu\u00e9 empresas participar\u00e1n en la Feria Internacional de Turismo FIT Boniotur 2022 en Cusco?"},"content":{"rendered":"\n<p class=\"has-cyan-bluish-gray-color has-text-color has-background\" style=\"background-color:#8d4343\">A partir del 02 de junio, la XVII edici\u00f3n de la Feria Internacional de Turismo \u201cFIT BONIOTUR\u201d volver\u00e1 con fuerza para recibir en el Centro de Convenciones de la Municipalidad del Cusco a m\u00e1s de 100 expositores dedicados a impulsar el sector.<\/p>\n\n\n\n<p>La exposici\u00f3n respaldada por distintas instituciones colaborar\u00e1 con la reactivaci\u00f3n del rubro tur\u00edstico a trav\u00e9s de nuevas rutas, tendencias y alianzas entre los representantes de cada empresa que se dar\u00e1n cita en el departamento peruano.<\/p>\n\n\n\n<p>En cuanto al ingreso al evento, el coordinador general de FIT BONIOTUR indic\u00f3 que ser\u00e1 completamente gratis. Adem\u00e1s, salud\u00f3 la realizaci\u00f3n de la ceremonia que estar\u00e1 vigente hasta el pr\u00f3ximo 03 de junio.<\/p>\n\n\n\n<p>\u00abSer\u00e1 el gran reencuentro de empresarios de la industria del turismo nacional e internacional. El turismo vuelve\u2026 \u00a1Ingreso libre!\u00bb, se\u00f1al\u00f3 el funcionario.<\/p>\n\n\n\n<p>Igualmente, sostuvo que la feria es una gran oportunidad de negocios, permitir\u00e1 conocer cu\u00e1l ser\u00e1 el futuro del sector tur\u00edstico, su rentabilidad y, sobre todo, trabajar con una marca l\u00edder del mercado.<\/p>\n\n\n\n<p>Empresas presentes en la FIT Boniotur 2022<\/p>\n\n\n\n<p>La C\u00e1mara Regional de Turismo de Loreto (Caretur), Auto Qolqa, Gercetur Cusco, Destino Tur\u00edstico de Potosi, Empresarios del Destino Tur\u00edsticos de Ayacucho, Municipio de Paracas, Apemtur Per\u00fa, Destino Ollantaytambo, Municipalidad de Potos\u00ed Bolivia, Puriy Per\u00fa Expedition Arequipa, Hotel Palacio de Sal Uyuni, Caravana Paracas, Hotel Emancipador, Paracas Overland, Aero Andina Nasca, Restaurant Tur\u00edstico Villa Organic, Viajes Picaflor Lima, Stranberry Travel Bolivia, Misti Tours Arequipa y Patricia Tours Lima.<\/p>\n\n\n\n<p>Tambi\u00e9n participar\u00e1n: Hacienda San Juan Resort ICA, AM Travel Potosi Uyuni Bolivia, Collpas Tambopata Inn Pto. Maldonado, Ballestas Expedition Travel Agency Tour Operator Acu\u00e1tico Paracas, Nayra Tour Bolivia, Hoteles, Costa del Sol, Inkas World Per\u00fa Tambopata, Hoteles Terra Mistica Arequipa, Colca, Puno, Cumaceba Agencia de Viajes y Turismo Iquitos, Amaru Travel Puno, Vertigo travel Agency Cusco, Te Veo en Ruta Lima y Cusco estar\u00e1 presente con sus empresarios de turismo.<\/p>\n\n\n\n<figure class=\"wp-block-image size-full is-resized\"><a href=\"https:\/\/click.mlsend2.com\/link\/c\/YT0xOTYxNzEzNDY4OTE4NzMzNjkxJmM9Yjl0NSZlPTAmYj05NzU3NzMwODkmZD14M3E5ejl1.wwjE5icjvBkPPkRL3h9r6vylHgRystSc1vgugrj5s0g\" target=\"_blank\" rel=\"noopener\"><img decoding=\"async\" src=\"https:\/\/circuitosalta.com.ar\/wp-content\/uploads\/2022\/05\/Captura-web_30-5-2022_132636_mail.google.com_.jpeg\" alt=\"\" class=\"wp-image-835\" width=\"257\" height=\"75\"\/><\/a><\/figure>\n","protected":false},"excerpt":{"rendered":"<p>A partir del 02 de junio, la XVII edici\u00f3n de la Feria Internacional de Turismo \u201cFIT BONIOTUR\u201d volver\u00e1 con fuerza para recibir en el Centro de Convenciones de la Municipalidad del Cusco a m\u00e1s de 100 expositores dedicados a impulsar el sector. La exposici\u00f3n respaldada por distintas instituciones colaborar\u00e1 con la reactivaci\u00f3n del rubro tur\u00edstico [&hellip;]<\/p>\n","protected":false},"author":2,"featured_media":836,"comment_status":"open","ping_status":"open","sticky":false,"template":"","format":"standard","meta":{"tdm_status":"","tdm_grid_status":"","footnotes":""},"categories":[16],"tags":[],"class_list":{"0":"post-834","1":"post","2":"type-post","3":"status-publish","4":"format-standard","5":"has-post-thumbnail","7":"category-ferias-y-congresos"},"_links":{"self":[{"href":"https:\/\/circuitosalta.com.ar\/index.php?rest_route=\/wp\/v2\/posts\/834"}],"collection":[{"href":"https:\/\/circuitosalta.com.ar\/index.php?rest_route=\/wp\/v2\/posts"}],"about":[{"href":"https:\/\/circuitosalta.com.ar\/index.php?rest_route=\/wp\/v2\/types\/post"}],"author":[{"embeddable":true,"href":"https:\/\/circuitosalta.com.ar\/index.php?rest_route=\/wp\/v2\/users\/2"}],"replies":[{"embeddable":true,"href":"https:\/\/circuitosalta.com.ar\/index.php?rest_route=%2Fwp%2Fv2%2Fcomments&post=834"}],"version-history":[{"count":1,"href":"https:\/\/circuitosalta.com.ar\/index.php?rest_route=\/wp\/v2\/posts\/834\/revisions"}],"predecessor-version":[{"id":837,"href":"https:\/\/circuitosalta.com.ar\/index.php?rest_route=\/wp\/v2\/posts\/834\/revisions\/837"}],"wp:featuredmedia":[{"embeddable":true,"href":"https:\/\/circuitosalta.com.ar\/index.php?rest_route=\/wp\/v2\/media\/836"}],"wp:attachment":[{"href":"https:\/\/circuitosalta.com.ar\/index.php?rest_route=%2Fwp%2Fv2%2Fmedia&parent=834"}],"wp:term":[{"taxonomy":"category","embeddable":true,"href":"https:\/\/circuitosalta.com.ar\/index.php?rest_route=%2Fwp%2Fv2%2Fcategories&post=834"},{"taxonomy":"post_tag","embeddable":true,"href":"https:\/\/circuitosalta.com.ar\/index.php?rest_route=%2Fwp%2Fv2%2Ftags&post=834"}],"curies":[{"name":"wp","href":"https:\/\/api.w.org\/{rel}","templated":true}]}}