{"id":838,"date":"2022-05-31T11:50:13","date_gmt":"2022-05-31T14:50:13","guid":{"rendered":"https:\/\/circuitosalta.com.ar\/?p=838"},"modified":"2022-05-31T11:50:16","modified_gmt":"2022-05-31T14:50:16","slug":"la-revolucion-musical-por-la-orquesta-sinfonica-infantil-y-juvenil","status":"publish","type":"post","link":"https:\/\/circuitosalta.com.ar\/?p=838","title":{"rendered":"\u00abLa Revoluci\u00f3n Musical\u00bb por la Orquesta Sinf\u00f3nica Infantil y Juvenil"},"content":{"rendered":"\n<h3 class=\"has-white-color has-text-color has-background wp-block-heading\" style=\"background-color:#7a0321\">La agrupaci\u00f3n orquestal se presentar\u00e1 en el Teatro Provincial este jueves a las 20:30 en Zuvir\u00eda 70.<\/h3>\n\n\n\n<p>La Orquesta Sinf\u00f3nica Infantil y Juvenil de Salta, celebrando su d\u00e9cimo sexto a\u00f1o, inaugura su Temporada 2022 con \u201cLa Revoluci\u00f3n Musical\u201d; un concierto que se realizar\u00e1 el jueves 2 de junio a las 20:30, en el Teatro Provincial \u201cJuan Carlos Saravia\u201d, Zuvir\u00eda 70.<\/p>\n\n\n\n<figure class=\"wp-block-image size-large\"><a href=\"https:\/\/www.termatalia.com\/termatalia-2022\/\" target=\"_blank\" rel=\"noopener\"><img fetchpriority=\"high\" decoding=\"async\" width=\"1024\" height=\"72\" src=\"https:\/\/circuitosalta.com.ar\/wp-content\/uploads\/2022\/05\/Captura-web_27-5-2022_185555_www.termatalia.com_-1024x72.jpeg\" alt=\"\" class=\"wp-image-840\" srcset=\"https:\/\/circuitosalta.com.ar\/wp-content\/uploads\/2022\/05\/Captura-web_27-5-2022_185555_www.termatalia.com_-1024x72.jpeg 1024w, https:\/\/circuitosalta.com.ar\/wp-content\/uploads\/2022\/05\/Captura-web_27-5-2022_185555_www.termatalia.com_-300x21.jpeg 300w, https:\/\/circuitosalta.com.ar\/wp-content\/uploads\/2022\/05\/Captura-web_27-5-2022_185555_www.termatalia.com_-768x54.jpeg 768w, https:\/\/circuitosalta.com.ar\/wp-content\/uploads\/2022\/05\/Captura-web_27-5-2022_185555_www.termatalia.com_-696x49.jpeg 696w, https:\/\/circuitosalta.com.ar\/wp-content\/uploads\/2022\/05\/Captura-web_27-5-2022_185555_www.termatalia.com_-1068x75.jpeg 1068w, https:\/\/circuitosalta.com.ar\/wp-content\/uploads\/2022\/05\/Captura-web_27-5-2022_185555_www.termatalia.com_.jpeg 1187w\" sizes=\"(max-width: 1024px) 100vw, 1024px\" \/><\/a><\/figure>\n\n\n\n<p>Esta presentaci\u00f3n se realizar\u00e1 &nbsp;en el marco de las celebraciones por el 212 Aniversario de la Revoluci\u00f3n de Mayo, y representa para dicha instituci\u00f3n una \u201cRevoluci\u00f3n Musical\u201d, no s\u00f3lo por la fecha patria que convoca, sino tambi\u00e9n porque se contar\u00e1 con la participaci\u00f3n especial del Ensamble Instrumental de la Sede Guachipas, perteneciente al Programa Nacional de Orquestas y Coros Infantiles y Juveniles; y el Ballet Folkl\u00f3rico \u201cEl Bagual\u201d de la misma Municipalidad.<\/p>\n\n\n\n<p>Se interpretar\u00e1n obras tales como \u201cEl C\u00f3ndor Pasa\u201d y \u201cEl Humahuaque\u00f1o\u201d de Zald\u00edvar; con arreglo especial de Gonzalo \u00c1lvarez Castelo, docente de este proyecto acad\u00e9mico.<\/p>\n\n\n\n<p>Por su parte la Orquesta Sinf\u00f3nica Juvenil, dirigida por el Mtro. Mart\u00edn D \u0301El\u00eda, interpretar\u00e1: \u201cDanza Macabre, Op. 40\u201d de Camille Saint Saens y \u201cTsar \u0301s Bride Overture\u201d de Nicolai Rimsky-Korsakov. Asimismo, es importante mencionar la participaci\u00f3n en el Concierto, del Coro Infantil, Coro Juvenil y alumnos de Iniciaci\u00f3n Musical de la profesora Bernardita Sarmiento.<\/p>\n\n\n\n<p>La entrada es gratuita con reserva previa, a trav\u00e9s del correo electr\u00f3nico de la Instituci\u00f3n:\u00a0<a href=\"http:\/\/contacto.osijs@gmail.com\/\" target=\"_blank\" rel=\"noreferrer noopener\">http:\/\/contacto.osijs@gmail.com<\/a><\/p>\n\n\n\n<hr class=\"wp-block-separator\"\/>\n\n\n\n<p>Fuente:\u00a0<strong><a href=\"https:\/\/www.salta.gob.ar\/prensa\/noticias\/la-revolucion-musical-por-la-orquesta-sinfonica-infantil-y-juvenil-82673\" target=\"_blank\" rel=\"noreferrer noopener\">Secretar\u00eda de Prensa y Comunicaci\u00f3n<\/a><\/strong><\/p>\n","protected":false},"excerpt":{"rendered":"<p>La agrupaci\u00f3n orquestal se presentar\u00e1 en el Teatro Provincial este jueves a las 20:30 en Zuvir\u00eda 70. La Orquesta Sinf\u00f3nica Infantil y Juvenil de Salta, celebrando su d\u00e9cimo sexto a\u00f1o, inaugura su Temporada 2022 con \u201cLa Revoluci\u00f3n Musical\u201d; un concierto que se realizar\u00e1 el jueves 2 de junio a las 20:30, en el Teatro Provincial [&hellip;]<\/p>\n","protected":false},"author":2,"featured_media":839,"comment_status":"open","ping_status":"open","sticky":false,"template":"","format":"standard","meta":{"tdm_status":"","tdm_grid_status":"","footnotes":""},"categories":[26],"tags":[],"class_list":{"0":"post-838","1":"post","2":"type-post","3":"status-publish","4":"format-standard","5":"has-post-thumbnail","7":"category-culturales"},"_links":{"self":[{"href":"https:\/\/circuitosalta.com.ar\/index.php?rest_route=\/wp\/v2\/posts\/838"}],"collection":[{"href":"https:\/\/circuitosalta.com.ar\/index.php?rest_route=\/wp\/v2\/posts"}],"about":[{"href":"https:\/\/circuitosalta.com.ar\/index.php?rest_route=\/wp\/v2\/types\/post"}],"author":[{"embeddable":true,"href":"https:\/\/circuitosalta.com.ar\/index.php?rest_route=\/wp\/v2\/users\/2"}],"replies":[{"embeddable":true,"href":"https:\/\/circuitosalta.com.ar\/index.php?rest_route=%2Fwp%2Fv2%2Fcomments&post=838"}],"version-history":[{"count":1,"href":"https:\/\/circuitosalta.com.ar\/index.php?rest_route=\/wp\/v2\/posts\/838\/revisions"}],"predecessor-version":[{"id":841,"href":"https:\/\/circuitosalta.com.ar\/index.php?rest_route=\/wp\/v2\/posts\/838\/revisions\/841"}],"wp:featuredmedia":[{"embeddable":true,"href":"https:\/\/circuitosalta.com.ar\/index.php?rest_route=\/wp\/v2\/media\/839"}],"wp:attachment":[{"href":"https:\/\/circuitosalta.com.ar\/index.php?rest_route=%2Fwp%2Fv2%2Fmedia&parent=838"}],"wp:term":[{"taxonomy":"category","embeddable":true,"href":"https:\/\/circuitosalta.com.ar\/index.php?rest_route=%2Fwp%2Fv2%2Fcategories&post=838"},{"taxonomy":"post_tag","embeddable":true,"href":"https:\/\/circuitosalta.com.ar\/index.php?rest_route=%2Fwp%2Fv2%2Ftags&post=838"}],"curies":[{"name":"wp","href":"https:\/\/api.w.org\/{rel}","templated":true}]}}