{"id":842,"date":"2022-06-01T20:51:19","date_gmt":"2022-06-01T23:51:19","guid":{"rendered":"https:\/\/circuitosalta.com.ar\/?p=842"},"modified":"2022-06-01T20:55:32","modified_gmt":"2022-06-01T23:55:32","slug":"salta-refuerza-su-alianza-estrategica-con-aerolineas-argentinas","status":"publish","type":"post","link":"https:\/\/circuitosalta.com.ar\/?p=842","title":{"rendered":"Salta refuerza su alianza estrat\u00e9gica con Aerol\u00edneas Argentinas"},"content":{"rendered":"\n<h5 class=\"has-cyan-bluish-gray-color has-text-color has-background wp-block-heading\" style=\"background-color:#540c98\">Adem\u00e1s de recuperar las rutas previas a la pandemia, la provincia sum\u00f3 conexi\u00f3n directa con Resistencia, Neuqu\u00e9n, Tucum\u00e1n y desde julio con Bariloche y San Pablo Brasil.<a href=\"https:\/\/www.salta.gob.ar\/\"><\/a><\/h5>\n\n\n\n<hr class=\"wp-block-separator\"\/>\n\n\n\n<p>El ministro de&nbsp;<strong>Turismo y Deportes Mario Pe\u00f1a<\/strong>&nbsp;acompa\u00f1ado por el director de Comercial de&nbsp;<strong>Aerol\u00edneas Argentinas<\/strong>&nbsp;Fabi\u00e1n Lombardo, &nbsp;brind\u00f3 precisiones sobre las rutas a\u00e9reas directas que vinculan la provincia con destinos nacionales y del exterior.<\/p>\n\n\n\n<p>En conferencia &nbsp;de prensa informaron detalles particularmente de la conexi\u00f3n con San Pablo que tiene muy buenos niveles de venta y el crecimiento de la Provincia en frecuencias de vuelo. Esto abre oportunidades para todo el sector tur\u00edstico, tanto para el emisivo como receptivo de Salta, Jujuy y Tucum\u00e1n.&nbsp;<\/p>\n\n\n\n<p>El funcionario provincial destac\u00f3 el acompa\u00f1amiento de Aerol\u00edneas a la provincia para que esta contin\u00fae su camino de consolidaci\u00f3n como destino en Argentina.<\/p>\n\n\n\n<p>En este marco se\u00f1al\u00f3 &nbsp;que \u2018el vuelo directo San Pablo \u2013 Salta es vital para el turismo y agreg\u00f3: \u201cfaltan 30 d\u00edas para el primer viaje, esta ruta a\u00e9rea consolida tanto el turismo receptivo como el emisivo\u201d.<\/p>\n\n\n\n<figure class=\"wp-block-image size-full\"><img fetchpriority=\"high\" decoding=\"async\" width=\"900\" height=\"600\" src=\"https:\/\/circuitosalta.com.ar\/wp-content\/uploads\/2022\/06\/2979-salta-refuerza-su-alianza-estrategica-con-aerolineas-argentinas-20220601221203.jpeg\" alt=\"\" class=\"wp-image-843\" srcset=\"https:\/\/circuitosalta.com.ar\/wp-content\/uploads\/2022\/06\/2979-salta-refuerza-su-alianza-estrategica-con-aerolineas-argentinas-20220601221203.jpeg 900w, https:\/\/circuitosalta.com.ar\/wp-content\/uploads\/2022\/06\/2979-salta-refuerza-su-alianza-estrategica-con-aerolineas-argentinas-20220601221203-300x200.jpeg 300w, https:\/\/circuitosalta.com.ar\/wp-content\/uploads\/2022\/06\/2979-salta-refuerza-su-alianza-estrategica-con-aerolineas-argentinas-20220601221203-768x512.jpeg 768w, https:\/\/circuitosalta.com.ar\/wp-content\/uploads\/2022\/06\/2979-salta-refuerza-su-alianza-estrategica-con-aerolineas-argentinas-20220601221203-696x464.jpeg 696w, https:\/\/circuitosalta.com.ar\/wp-content\/uploads\/2022\/06\/2979-salta-refuerza-su-alianza-estrategica-con-aerolineas-argentinas-20220601221203-630x420.jpeg 630w\" sizes=\"(max-width: 900px) 100vw, 900px\" \/><\/figure>\n\n\n\n<p>El 21 y 22 de junio, el Ministerio de Turismo de Salta y Aerol\u00edneas Argentinas realizar\u00e1n una presentaci\u00f3n para potenciar el mercado de turismo de reuniones.<\/p>\n\n\n\n<p>Por su parte, Lombardo se\u00f1al\u00f3 que Salta se encuentra entre los destinos m\u00e1s buscados. Adem\u00e1s, el funcionario indic\u00f3 que desde julio habr\u00e1 dos vuelos semanales a Bariloche y tres a Tucum\u00e1n. Por \u00faltimo, destac\u00f3 el trabajo de la cartera Tur\u00edstica provincial para que Salta sea uno de los destinos m\u00e1s importantes del pa\u00eds.<\/p>\n\n\n\n<p>Tambi\u00e9n particip\u00f3 la presidenta de Inprotur Salta Manuela Arancibia, la titular de ASAT, L\u00eda Rivelli, el presidente del Bureau, Daniel Astorga y el subsecretario de Cultura y Turismo de la ciudad de Salta, Fernando Garc\u00eda Soria.<\/p>\n\n\n\n<hr class=\"wp-block-separator\"\/>\n\n\n\n<p>Fuente:&nbsp;<strong>Secretar\u00eda de Prensa y Comunicaci\u00f3n<\/strong><\/p>\n","protected":false},"excerpt":{"rendered":"<p>Adem\u00e1s de recuperar las rutas previas a la pandemia, la provincia sum\u00f3 conexi\u00f3n directa con Resistencia, Neuqu\u00e9n, Tucum\u00e1n y desde julio con Bariloche y San Pablo Brasil. El ministro de&nbsp;Turismo y Deportes Mario Pe\u00f1a&nbsp;acompa\u00f1ado por el director de Comercial de&nbsp;Aerol\u00edneas Argentinas&nbsp;Fabi\u00e1n Lombardo, &nbsp;brind\u00f3 precisiones sobre las rutas a\u00e9reas directas que vinculan la provincia con destinos [&hellip;]<\/p>\n","protected":false},"author":2,"featured_media":844,"comment_status":"open","ping_status":"open","sticky":false,"template":"","format":"standard","meta":{"tdm_status":"","tdm_grid_status":"","footnotes":""},"categories":[5,20],"tags":[],"class_list":{"0":"post-842","1":"post","2":"type-post","3":"status-publish","4":"format-standard","5":"has-post-thumbnail","7":"category-buses-y-aeropuertos","8":"category-empresas"},"_links":{"self":[{"href":"https:\/\/circuitosalta.com.ar\/index.php?rest_route=\/wp\/v2\/posts\/842"}],"collection":[{"href":"https:\/\/circuitosalta.com.ar\/index.php?rest_route=\/wp\/v2\/posts"}],"about":[{"href":"https:\/\/circuitosalta.com.ar\/index.php?rest_route=\/wp\/v2\/types\/post"}],"author":[{"embeddable":true,"href":"https:\/\/circuitosalta.com.ar\/index.php?rest_route=\/wp\/v2\/users\/2"}],"replies":[{"embeddable":true,"href":"https:\/\/circuitosalta.com.ar\/index.php?rest_route=%2Fwp%2Fv2%2Fcomments&post=842"}],"version-history":[{"count":2,"href":"https:\/\/circuitosalta.com.ar\/index.php?rest_route=\/wp\/v2\/posts\/842\/revisions"}],"predecessor-version":[{"id":847,"href":"https:\/\/circuitosalta.com.ar\/index.php?rest_route=\/wp\/v2\/posts\/842\/revisions\/847"}],"wp:featuredmedia":[{"embeddable":true,"href":"https:\/\/circuitosalta.com.ar\/index.php?rest_route=\/wp\/v2\/media\/844"}],"wp:attachment":[{"href":"https:\/\/circuitosalta.com.ar\/index.php?rest_route=%2Fwp%2Fv2%2Fmedia&parent=842"}],"wp:term":[{"taxonomy":"category","embeddable":true,"href":"https:\/\/circuitosalta.com.ar\/index.php?rest_route=%2Fwp%2Fv2%2Fcategories&post=842"},{"taxonomy":"post_tag","embeddable":true,"href":"https:\/\/circuitosalta.com.ar\/index.php?rest_route=%2Fwp%2Fv2%2Ftags&post=842"}],"curies":[{"name":"wp","href":"https:\/\/api.w.org\/{rel}","templated":true}]}}