{"id":851,"date":"2022-06-03T11:26:56","date_gmt":"2022-06-03T14:26:56","guid":{"rendered":"https:\/\/circuitosalta.com.ar\/?p=851"},"modified":"2022-06-03T11:26:59","modified_gmt":"2022-06-03T14:26:59","slug":"emprendedores-turisticos-saltenos-participaron-de-una-jornada-de-capacitacion","status":"publish","type":"post","link":"https:\/\/circuitosalta.com.ar\/?p=851","title":{"rendered":"Emprendedores tur\u00edsticos salte\u00f1os participaron de una jornada de capacitaci\u00f3n"},"content":{"rendered":"\n<h4 class=\"has-cyan-bluish-gray-color has-text-color has-background wp-block-heading\" style=\"background-color:#580319\">En el marco del Programa de Capacitaci\u00f3n del Ministerio de Turismo y Deportes, emprendedores participaron de mesas de trabajo, instancias de mentoreo y acceso a informaci\u00f3n de cr\u00e9dito.<\/h4>\n\n\n\n<p>Emprendedores tur\u00edsticos se dieron cita en la Usina Cultural con el objetivo de participar de la Jornada \u201cEmprendedores en Acci\u00f3n por el Turismo en Salta\u201d que se realiza en el marco del Programa de Capacitaci\u00f3n del Ministerio de Turismo y Deportes.<\/p>\n\n\n\n<p>El subsecretario de Desarrollo y Competitividad Tur\u00edstica&nbsp;<strong>Alejandro Cha<\/strong>&nbsp;destac\u00f3 el compromiso de los emprendedores en la capacitaci\u00f3n El Poder de los detalles que se realizaron de manera virtual en 2020 y 2021 y que este a\u00f1o es presencial; \u201cser emprendedor significa, m\u00e1s all\u00e1 de buscar el sustento y generar acciones, ir tras un sue\u00f1o y contribuir a la construcci\u00f3n del destina Salta\u201d.&nbsp;<\/p>\n\n\n\n<p>&nbsp;Cabe destacar que el Programa Emprende Turismo en su 5ta convocatoria capacit\u00f3 a 981 emprendedores y con una inversi\u00f3n de m\u00e1s de 26 millones de pesos se beneficiaron 228 emprendedores de 35 municipios. Por su parte, el Programa el Poder de los Detalles en sus cuatro a\u00f1os capacit\u00f3 a 195 personas que iniciaron 119 cambios en sus emprendimientos; adem\u00e1s, se concretaron 1165 mejoras en los emprendimientos, en tanto est\u00e1n en proceso 253.<\/p>\n\n\n\n<p>La capacitaci\u00f3n se realiza este a\u00f1o de manera presencial para consolidar y potenciar el trabajo de capacitaci\u00f3n y mentor\u00eda e impulsar la continuidad en la implementaci\u00f3n de detalles que mejoran la experiencia en el destino que se trabaj\u00f3 virtualmente en 2020 y 2021. Los asistentes participaron de conferencias inspiradoras, mesas de trabajo con mentor\u00edas, consultorio de l\u00edneas de cr\u00e9dito, entre otros contenidos.\u00a0<\/p>\n\n\n\n<figure class=\"wp-block-gallery has-nested-images columns-default is-cropped wp-block-gallery-1 is-layout-flex wp-block-gallery-is-layout-flex\">\n<figure class=\"wp-block-image size-large\"><img fetchpriority=\"high\" decoding=\"async\" width=\"900\" height=\"600\" data-id=\"852\" src=\"https:\/\/circuitosalta.com.ar\/wp-content\/uploads\/2022\/06\/720-emprendedores-turisticos-saltenios-participaron-de-una-jornada-de-capacitacion.jpg\" alt=\"\" class=\"wp-image-852\" srcset=\"https:\/\/circuitosalta.com.ar\/wp-content\/uploads\/2022\/06\/720-emprendedores-turisticos-saltenios-participaron-de-una-jornada-de-capacitacion.jpg 900w, https:\/\/circuitosalta.com.ar\/wp-content\/uploads\/2022\/06\/720-emprendedores-turisticos-saltenios-participaron-de-una-jornada-de-capacitacion-300x200.jpg 300w, https:\/\/circuitosalta.com.ar\/wp-content\/uploads\/2022\/06\/720-emprendedores-turisticos-saltenios-participaron-de-una-jornada-de-capacitacion-768x512.jpg 768w, https:\/\/circuitosalta.com.ar\/wp-content\/uploads\/2022\/06\/720-emprendedores-turisticos-saltenios-participaron-de-una-jornada-de-capacitacion-696x464.jpg 696w, https:\/\/circuitosalta.com.ar\/wp-content\/uploads\/2022\/06\/720-emprendedores-turisticos-saltenios-participaron-de-una-jornada-de-capacitacion-630x420.jpg 630w\" sizes=\"(max-width: 900px) 100vw, 900px\" \/><\/figure>\n\n\n\n<figure class=\"wp-block-image size-large\"><img decoding=\"async\" width=\"560\" height=\"373\" data-id=\"853\" src=\"https:\/\/circuitosalta.com.ar\/wp-content\/uploads\/2022\/06\/82761-emprendedores-turisticos-saltenios-participaron-de-una-jornada-de-capacitacion.jpg\" alt=\"\" class=\"wp-image-853\" srcset=\"https:\/\/circuitosalta.com.ar\/wp-content\/uploads\/2022\/06\/82761-emprendedores-turisticos-saltenios-participaron-de-una-jornada-de-capacitacion.jpg 560w, https:\/\/circuitosalta.com.ar\/wp-content\/uploads\/2022\/06\/82761-emprendedores-turisticos-saltenios-participaron-de-una-jornada-de-capacitacion-300x200.jpg 300w\" sizes=\"(max-width: 560px) 100vw, 560px\" \/><\/figure>\n<\/figure>\n","protected":false},"excerpt":{"rendered":"<p>En el marco del Programa de Capacitaci\u00f3n del Ministerio de Turismo y Deportes, emprendedores participaron de mesas de trabajo, instancias de mentoreo y acceso a informaci\u00f3n de cr\u00e9dito. Emprendedores tur\u00edsticos se dieron cita en la Usina Cultural con el objetivo de participar de la Jornada \u201cEmprendedores en Acci\u00f3n por el Turismo en Salta\u201d que se [&hellip;]<\/p>\n","protected":false},"author":2,"featured_media":854,"comment_status":"open","ping_status":"open","sticky":false,"template":"","format":"standard","meta":{"tdm_status":"","tdm_grid_status":"","footnotes":""},"categories":[16],"tags":[],"class_list":{"0":"post-851","1":"post","2":"type-post","3":"status-publish","4":"format-standard","5":"has-post-thumbnail","7":"category-ferias-y-congresos"},"_links":{"self":[{"href":"https:\/\/circuitosalta.com.ar\/index.php?rest_route=\/wp\/v2\/posts\/851"}],"collection":[{"href":"https:\/\/circuitosalta.com.ar\/index.php?rest_route=\/wp\/v2\/posts"}],"about":[{"href":"https:\/\/circuitosalta.com.ar\/index.php?rest_route=\/wp\/v2\/types\/post"}],"author":[{"embeddable":true,"href":"https:\/\/circuitosalta.com.ar\/index.php?rest_route=\/wp\/v2\/users\/2"}],"replies":[{"embeddable":true,"href":"https:\/\/circuitosalta.com.ar\/index.php?rest_route=%2Fwp%2Fv2%2Fcomments&post=851"}],"version-history":[{"count":1,"href":"https:\/\/circuitosalta.com.ar\/index.php?rest_route=\/wp\/v2\/posts\/851\/revisions"}],"predecessor-version":[{"id":855,"href":"https:\/\/circuitosalta.com.ar\/index.php?rest_route=\/wp\/v2\/posts\/851\/revisions\/855"}],"wp:featuredmedia":[{"embeddable":true,"href":"https:\/\/circuitosalta.com.ar\/index.php?rest_route=\/wp\/v2\/media\/854"}],"wp:attachment":[{"href":"https:\/\/circuitosalta.com.ar\/index.php?rest_route=%2Fwp%2Fv2%2Fmedia&parent=851"}],"wp:term":[{"taxonomy":"category","embeddable":true,"href":"https:\/\/circuitosalta.com.ar\/index.php?rest_route=%2Fwp%2Fv2%2Fcategories&post=851"},{"taxonomy":"post_tag","embeddable":true,"href":"https:\/\/circuitosalta.com.ar\/index.php?rest_route=%2Fwp%2Fv2%2Ftags&post=851"}],"curies":[{"name":"wp","href":"https:\/\/api.w.org\/{rel}","templated":true}]}}