{"id":868,"date":"2022-06-05T17:26:49","date_gmt":"2022-06-05T20:26:49","guid":{"rendered":"https:\/\/circuitosalta.com.ar\/?p=868"},"modified":"2022-06-05T17:26:53","modified_gmt":"2022-06-05T20:26:53","slug":"entramar-la-nacion-la-exhibicion-de-trajes-e-indumentaria-que-relaciona-a-china-salta-y-buenos-aires","status":"publish","type":"post","link":"https:\/\/circuitosalta.com.ar\/?p=868","title":{"rendered":"\u00abEntramar la Naci\u00f3n\u00bb: la exhibici\u00f3n de trajes e indumentaria que relaciona a China, Salta y Buenos Aires"},"content":{"rendered":"\n<h3 class=\"has-vivid-purple-color has-text-color has-background wp-block-heading\" style=\"background-color:#580318\">Se trata de una muestra que el Museo de la Historia del Traje lleva al Museo Hist\u00f3rico del Norte, en Salta. Podr\u00e1 visitarse desde el\u00a0<strong>s\u00e1bado 4 de junio<\/strong>\u00a0hasta el\u00a0<strong>domingo 28 de agosto<\/strong>\u00a0con\u00a0<strong>entrada libre y gratuita<\/strong>.<\/h3>\n\n\n\n<p>El&nbsp;<a href=\"https:\/\/museodeltraje.cultura.gob.ar\/\" target=\"_blank\" rel=\"noreferrer noopener\">Museo de la Historia del Traje<\/a>&nbsp;lleva al&nbsp;<a href=\"https:\/\/museodelnorte.cultura.gob.ar\/\" target=\"_blank\" rel=\"noreferrer noopener\">Museo Hist\u00f3rico del Norte<\/a>, en la provincia de Salta, la exhibici\u00f3n temporaria&nbsp;<strong><em>Entramar la Naci\u00f3n. Trajes T\u00edpicos de las Minor\u00edas \u00c9tnicas de China<\/em><\/strong>, curada por Ignacio Villagr\u00e1n, gracias a la interrelaci\u00f3n y al trabajo transversal de ambos museos nacionales junto con la Embajada de la Rep\u00fablica Popular China y con el apoyo del Centro de Estudios de Argentina-China (CEACh).<\/p>\n\n\n\n<p><strong><em>Entramar la Naci\u00f3n. Trajes T\u00edpicos de las Minor\u00edas \u00c9tnicas de China<\/em><\/strong>&nbsp;propone un recorrido por los trajes de algunas de las&nbsp;<strong>56 minor\u00edas \u00e9tnicas<\/strong>&nbsp;que forman parte de la&nbsp;<strong>Rep\u00fablica Popular China<\/strong>. La muestra explora los v\u00ednculos entre indumentaria, identidad cultural y conformaci\u00f3n hist\u00f3rica de un Estado plural mediante sus vestimentas, como tambi\u00e9n a trav\u00e9s de sus materialidades, tecnolog\u00edas y representaciones.<\/p>\n\n\n\n<p>Integran la exposici\u00f3n piezas de la colecci\u00f3n del\u00a0<a href=\"https:\/\/museodeltraje.cultura.gob.ar\/\" target=\"_blank\" rel=\"noreferrer noopener\">Museo de la Historia del Traje<\/a>, del\u00a0<a href=\"https:\/\/mnao.cultura.gob.ar\/\" target=\"_blank\" rel=\"noreferrer noopener\">Museo Nacional de Arte Oriental<\/a>\u00a0y pr\u00e9stamos de la\u00a0<strong>Embajada de la Rep\u00fablica Popular China<\/strong>.<\/p>\n\n\n\n<figure class=\"wp-block-image size-large\"><img decoding=\"async\" src=\"https:\/\/www.argentina.gob.ar\/sites\/default\/files\/oriental_1.jpg\" alt=\"\"\/><figcaption>Cuello\/collar nube, siglo xx, dinast\u00eda Qing (1644-1912), pr\u00e9stamo del Museo de Arte Oriental<\/figcaption><\/figure>\n\n\n\n<h4 class=\"wp-block-heading\">Identidad y diversidad<\/h4>\n\n\n\n<p>Los ejes de la exposici\u00f3n no solo se enfocan en la indumentaria y el textil, sino que, adem\u00e1s, dan cuenta de los contextos geogr\u00e1ficos, demogr\u00e1ficos y pol\u00edticos de las etnias involucradas.<\/p>\n\n\n\n<p>Los trajes t\u00edpicos de cada etnia expresan la identidad de las minor\u00edas e invitan a reflexionar sobre las formas de constituir naciones plurales e inclusivas y a reconocer y promover la diversidad cultural como pol\u00edtica de Estado.<\/p>\n\n\n\n<p>La Rep\u00fablica Argentina y la Rep\u00fablica Popular China lograron un v\u00ednculo de 50 a\u00f1os de relaciones diplom\u00e1ticas. En este marco, Salta comparte con diferentes ciudades chinas la pr\u00e1ctica de las tradiciones, que se expresa a trav\u00e9s de ritos, costumbres y trajes caracter\u00edsticos de cada pueblo. Los artesanos y la artesanas tanto de Salta como de China, con sus conocimientos del tratamiento y del color, as\u00ed como de las fibras utilizadas en las tramas, comunican historias de sus territorios y permiten reconocer sus identidades culturales.<\/p>\n\n\n\n<figure class=\"wp-block-image size-large\"><img decoding=\"async\" src=\"https:\/\/www.argentina.gob.ar\/sites\/default\/files\/prestamo_7.jpg\" alt=\"\"\/><figcaption>Traje Miao, pr\u00e9stamo de la colecci\u00f3n de la Embajada de la Rep\u00fablica Popular China en la Rep\u00fablica Argentina<\/figcaption><\/figure>\n\n\n\n<p>La exhibici\u00f3n se encuentra dentro del proyecto Museo Online del Museo de la Historia del Traje, que busca generar accesibilidad por fuera de la presencialidad. Para ello, la muestra se realiz\u00f3 en formato virtual y puede conocerse en el&nbsp;<a href=\"https:\/\/eltrajevirtual.cultura.gob.ar\/\" target=\"_blank\" rel=\"noreferrer noopener\">micrositio<\/a>. Este espacio cuenta con diversos recursos en espa\u00f1ol y su correspondiente versi\u00f3n en chino.<\/p>\n\n\n\n<p>Podr\u00e1 visitarse de&nbsp;<strong>martes a viernes de 9 a 14.30 h<\/strong>&nbsp;y&nbsp;<strong>s\u00e1bados y domingos de 14 a 18 h<\/strong>, hasta el&nbsp;<strong>28 de agosto<\/strong>, en el&nbsp;<strong>Museo Hist\u00f3rico del Norte (Av. Caseros 549, Salta)<\/strong>.&nbsp;<strong>La entrada es libre y gratuita<\/strong>.<\/p>\n\n\n\n<p>Imagen portada: Waitao o chaqueta de mujer, principios del siglo xx, dinast\u00eda Qing, per\u00edodo Guangxu (1875-1908), Colecci\u00f3n Museo de la Historia del Traje, donante: Aniko Szabo. Notas: Utilizada por la cultura han, de uso semiformal<\/p>\n\n\n\n<figure class=\"wp-block-image size-full is-style-rounded\"><a href=\"https:\/\/www.argentina.gob.ar\/noticias\/entramar-la-nacion-la-exhibicion-de-trajes-e-indumentaria-que-relaciona-china-salta-y\" target=\"_blank\" rel=\"noopener\"><img fetchpriority=\"high\" decoding=\"async\" width=\"684\" height=\"106\" src=\"https:\/\/circuitosalta.com.ar\/wp-content\/uploads\/2022\/06\/Captura-web_5-6-2022_172224_www.argentina.gob_.ar_.jpeg\" alt=\"\" class=\"wp-image-869\" srcset=\"https:\/\/circuitosalta.com.ar\/wp-content\/uploads\/2022\/06\/Captura-web_5-6-2022_172224_www.argentina.gob_.ar_.jpeg 684w, https:\/\/circuitosalta.com.ar\/wp-content\/uploads\/2022\/06\/Captura-web_5-6-2022_172224_www.argentina.gob_.ar_-300x46.jpeg 300w\" sizes=\"(max-width: 684px) 100vw, 684px\" \/><\/a><\/figure>\n","protected":false},"excerpt":{"rendered":"<p>Se trata de una muestra que el Museo de la Historia del Traje lleva al Museo Hist\u00f3rico del Norte, en Salta. Podr\u00e1 visitarse desde el\u00a0s\u00e1bado 4 de junio\u00a0hasta el\u00a0domingo 28 de agosto\u00a0con\u00a0entrada libre y gratuita. El&nbsp;Museo de la Historia del Traje&nbsp;lleva al&nbsp;Museo Hist\u00f3rico del Norte, en la provincia de Salta, la exhibici\u00f3n temporaria&nbsp;Entramar la Naci\u00f3n. [&hellip;]<\/p>\n","protected":false},"author":2,"featured_media":870,"comment_status":"open","ping_status":"open","sticky":false,"template":"","format":"standard","meta":{"tdm_status":"","tdm_grid_status":"","footnotes":""},"categories":[26],"tags":[],"class_list":{"0":"post-868","1":"post","2":"type-post","3":"status-publish","4":"format-standard","5":"has-post-thumbnail","7":"category-culturales"},"_links":{"self":[{"href":"https:\/\/circuitosalta.com.ar\/index.php?rest_route=\/wp\/v2\/posts\/868"}],"collection":[{"href":"https:\/\/circuitosalta.com.ar\/index.php?rest_route=\/wp\/v2\/posts"}],"about":[{"href":"https:\/\/circuitosalta.com.ar\/index.php?rest_route=\/wp\/v2\/types\/post"}],"author":[{"embeddable":true,"href":"https:\/\/circuitosalta.com.ar\/index.php?rest_route=\/wp\/v2\/users\/2"}],"replies":[{"embeddable":true,"href":"https:\/\/circuitosalta.com.ar\/index.php?rest_route=%2Fwp%2Fv2%2Fcomments&post=868"}],"version-history":[{"count":1,"href":"https:\/\/circuitosalta.com.ar\/index.php?rest_route=\/wp\/v2\/posts\/868\/revisions"}],"predecessor-version":[{"id":871,"href":"https:\/\/circuitosalta.com.ar\/index.php?rest_route=\/wp\/v2\/posts\/868\/revisions\/871"}],"wp:featuredmedia":[{"embeddable":true,"href":"https:\/\/circuitosalta.com.ar\/index.php?rest_route=\/wp\/v2\/media\/870"}],"wp:attachment":[{"href":"https:\/\/circuitosalta.com.ar\/index.php?rest_route=%2Fwp%2Fv2%2Fmedia&parent=868"}],"wp:term":[{"taxonomy":"category","embeddable":true,"href":"https:\/\/circuitosalta.com.ar\/index.php?rest_route=%2Fwp%2Fv2%2Fcategories&post=868"},{"taxonomy":"post_tag","embeddable":true,"href":"https:\/\/circuitosalta.com.ar\/index.php?rest_route=%2Fwp%2Fv2%2Ftags&post=868"}],"curies":[{"name":"wp","href":"https:\/\/api.w.org\/{rel}","templated":true}]}}