{"id":876,"date":"2022-06-08T13:14:18","date_gmt":"2022-06-08T16:14:18","guid":{"rendered":"https:\/\/circuitosalta.com.ar\/?p=876"},"modified":"2022-06-08T13:14:20","modified_gmt":"2022-06-08T16:14:20","slug":"este-jueves-la-orquesta-sinfonica-brindara-un-concierto-con-director-invitado","status":"publish","type":"post","link":"https:\/\/circuitosalta.com.ar\/?p=876","title":{"rendered":"Este jueves la Orquesta Sinf\u00f3nica brindar\u00e1 un concierto con director invitado"},"content":{"rendered":"\n<h4 class=\"has-white-color has-text-color has-background wp-block-heading\" style=\"background-color:#410212\">La agrupaci\u00f3n se presentar\u00e1 bajo la direcci\u00f3n del maestro Jorge Lhez. En la oportunidad, se interpretar\u00e1 Kammersymphonie de Franz Schreker, y Aus Italien Op. 16 de Richard Strauss, ambas obras en estreno.<\/h4>\n\n\n\n<p>Ma\u00f1ana jueves 9 de junio a las 21 horas, la Orquesta Sinf\u00f3nica de Salta ofrecer\u00e1 un nuevo concierto bajo la direcci\u00f3n del maestro&nbsp;<strong>Jorge Lhez<\/strong>&nbsp;como director invitado. En esta oportunidad, se interpretar\u00e1 Kammersymphonie de Franz Schreker, y Aus Italien Op. 16 de Richard Strauss, ambas obras en estreno.<\/p>\n\n\n\n<p>Las entradas de $200 se encuentran a la venta www.saltaticket.gob.ar. Entradas sin cargo para estudiantes y jubilados exclusivamente en la boleter\u00eda &nbsp;del Teatro provincial presentando acreditaci\u00f3n correspondiente.<\/p>\n\n\n\n<p><strong>Sobre Jorge Lhez<\/strong><\/p>\n\n\n\n<p>Jorge Walter Lhez Naci\u00f3 en R\u00edo Cuarto, C\u00f3rdoba, donde se gradu\u00f3 como Profesor Superior de Piano con las Prof. Pomponio y Malano. En Bs. As. estudi\u00f3 con los M\u00b0. Antognazzi (piano) y Hualpa (composici\u00f3n), Direcci\u00f3n Orquestal con los Mtros. Giraudo, Calder\u00f3n y &nbsp;D\u2019Astoli, en EEUU con los Mtros. M\u00ba J. Schindler, H. Farberman y D. Portnoy, en Brasil con el M\u00ba E. de Carvalho. Egres\u00f3 como Director Musical de Opera del ISA, Teatro Col\u00f3n. Obtuvo dos Premios a la Excelencia, IADE. Fue Director Titular de la Orquesta Municipal de C\u00e1mara de R\u00edo IV, Sinf\u00f3nica de Corrientes, Camerata de la Fundaci\u00f3n Pro Arte C\u00f3rdoba, y Orquesta Estable de la Pcia. de Tucum\u00e1n.&nbsp;<\/p>\n\n\n\n<p>En 2019 fue Director Asociado de la Orquesta Sinf\u00f3nica de Antofagasta, Chile. Fue jurado del Concurso Internacional de Piano Arc\u00e1ngelo Speranza &nbsp;(Italia 2009). Fue invitado a dirigir en IV Festival Internacional de M\u00fasica en Pelotas, Brasil (2014) con solistas como Christoph Hartmann (Oboe de la Filarm\u00f3nica de Berl\u00edn). Fue Director &nbsp;Titular Interino de la OSS (2011-2012), cargo que gan\u00f3 por Concurso Internacional (2013-2015-2017), temporadas en las que realiz\u00f3 conciertos sinf\u00f3nicos, zarzuela, \u00f3pera, ballet, conciertos did\u00e1cticos, sinf\u00f3nico-corales (tambi\u00e9n en barrios y el interior).&nbsp;<\/p>\n\n\n\n<p>Su amplio repertorio y ductilidad lo llevan desde el Barroco hasta la m\u00fasica contempor\u00e1nea. Lhez es uno de los directores m\u00e1s comprometidos con la difusi\u00f3n de la m\u00fasica sinf\u00f3nica argentina y latinoamericana. Fue Director Art\u00edstico del Instituto de M\u00fasica y Danza de la Pcia. de Salta, (2018-2020). Dirigi\u00f3 el estreno de la \u00f3pera L\u00b4Arlesiana, de Francesco Cilea (2017) en el Teatro Avenida, Bs. As., evento destacado por la Asociaci\u00f3n de Cr\u00edticos Musicales de Argentina. Como Director Art\u00edstico lanz\u00f3, con la Secretar\u00eda de Turismo de la Municipalidad de Salta, el Festival M\u00fasica por el Camino de la Fe (2017, 2018, 2019) cuya excelencia en la programaci\u00f3n y en el nivel internacional de sus artistas lo ha posicionado como referente. Dirige el Coro y la Camerata de la Universidad Cat\u00f3lica de Salta, y de la Escuela Universitaria de M\u00fasica de dicha instituci\u00f3n.<\/p>\n\n\n\n<p>Fue invitado a dirigir las principales orquestas de Brasil, Chile, Ecuador, Uruguay, Paraguay, Bolivia, Colombia, Italia y USA. En Argentina ha dirigido las principales orquestas del interior del pa\u00eds, la Sinf\u00f3nica Nacional, la Orquesta Filarm\u00f3nica en la Usina del Arte, y la Acad\u00e9mica del ISA, Teatro Col\u00f3n, con solistas de nivel internacional.<\/p>\n\n\n\n<hr class=\"wp-block-separator\"\/>\n\n\n\n<p>Fuente:\u00a0<strong><a href=\"https:\/\/www.salta.gob.ar\/prensa\/noticias\/este-jueves-la-orquesta-sinfonica-brindara-un-concierto-con-director-invitado-82837\" target=\"_blank\" rel=\"noreferrer noopener\">Secretar\u00eda de Prensa y Comunicaci\u00f3n<\/a><\/strong><\/p>\n","protected":false},"excerpt":{"rendered":"<p>La agrupaci\u00f3n se presentar\u00e1 bajo la direcci\u00f3n del maestro Jorge Lhez. En la oportunidad, se interpretar\u00e1 Kammersymphonie de Franz Schreker, y Aus Italien Op. 16 de Richard Strauss, ambas obras en estreno. Ma\u00f1ana jueves 9 de junio a las 21 horas, la Orquesta Sinf\u00f3nica de Salta ofrecer\u00e1 un nuevo concierto bajo la direcci\u00f3n del maestro&nbsp;Jorge [&hellip;]<\/p>\n","protected":false},"author":2,"featured_media":877,"comment_status":"open","ping_status":"open","sticky":false,"template":"","format":"standard","meta":{"tdm_status":"","tdm_grid_status":"","footnotes":""},"categories":[14,26],"tags":[],"class_list":{"0":"post-876","1":"post","2":"type-post","3":"status-publish","4":"format-standard","5":"has-post-thumbnail","7":"category-anuncios","8":"category-culturales"},"_links":{"self":[{"href":"https:\/\/circuitosalta.com.ar\/index.php?rest_route=\/wp\/v2\/posts\/876"}],"collection":[{"href":"https:\/\/circuitosalta.com.ar\/index.php?rest_route=\/wp\/v2\/posts"}],"about":[{"href":"https:\/\/circuitosalta.com.ar\/index.php?rest_route=\/wp\/v2\/types\/post"}],"author":[{"embeddable":true,"href":"https:\/\/circuitosalta.com.ar\/index.php?rest_route=\/wp\/v2\/users\/2"}],"replies":[{"embeddable":true,"href":"https:\/\/circuitosalta.com.ar\/index.php?rest_route=%2Fwp%2Fv2%2Fcomments&post=876"}],"version-history":[{"count":1,"href":"https:\/\/circuitosalta.com.ar\/index.php?rest_route=\/wp\/v2\/posts\/876\/revisions"}],"predecessor-version":[{"id":878,"href":"https:\/\/circuitosalta.com.ar\/index.php?rest_route=\/wp\/v2\/posts\/876\/revisions\/878"}],"wp:featuredmedia":[{"embeddable":true,"href":"https:\/\/circuitosalta.com.ar\/index.php?rest_route=\/wp\/v2\/media\/877"}],"wp:attachment":[{"href":"https:\/\/circuitosalta.com.ar\/index.php?rest_route=%2Fwp%2Fv2%2Fmedia&parent=876"}],"wp:term":[{"taxonomy":"category","embeddable":true,"href":"https:\/\/circuitosalta.com.ar\/index.php?rest_route=%2Fwp%2Fv2%2Fcategories&post=876"},{"taxonomy":"post_tag","embeddable":true,"href":"https:\/\/circuitosalta.com.ar\/index.php?rest_route=%2Fwp%2Fv2%2Ftags&post=876"}],"curies":[{"name":"wp","href":"https:\/\/api.w.org\/{rel}","templated":true}]}}