{"id":880,"date":"2022-06-09T12:54:55","date_gmt":"2022-06-09T15:54:55","guid":{"rendered":"https:\/\/circuitosalta.com.ar\/?p=880"},"modified":"2022-06-09T12:54:57","modified_gmt":"2022-06-09T15:54:57","slug":"se-conocieron-ofertas-y-proyectos-para-la-museologia-del-centro-cultural-lola-mora","status":"publish","type":"post","link":"https:\/\/circuitosalta.com.ar\/?p=880","title":{"rendered":"Se conocieron ofertas y proyectos para la museolog\u00eda del Centro Cultural Lola Mora"},"content":{"rendered":"\n<h4 class=\"has-vivid-green-cyan-background-color has-background wp-block-heading\">El acto fue presidido por el gobernador de la Provincia Gerardo Morales y la doctora Tulia Snopek quien, por pedido del mandatario, apoya y acompa\u00f1a en las acciones culturales como parte de sus funciones de Primera Dama.<\/h4>\n\n\n\n<p>Tambi\u00e9n estuvo presente Carolina Ferrer, coordinadora de Proyectos de la Secretar\u00eda de Planificaci\u00f3n del Ministerio de Infraestructura Servicios P\u00fablicos, Tierra y Vivienda.<\/p>\n\n\n\n<p>Tras la puesta en marcha del proceso licitatorio del edificio hoy, se llev\u00f3 adelante en el Sal\u00f3n Blanco la ceremonia de apertura de ofertas. La escribana Emilce B\u00e1rtulos fue la encargada de llevar adelante la ceremonia, en la cual se conocieron las propuestas de gui\u00f3n museol\u00f3gico, proyecto museogr\u00e1fico y montaje.<\/p>\n\n\n\n<p>El Gobierno de Jujuy avanza en la propuesta narrativa del\u00a0<a href=\"https:\/\/prensa.jujuy.gob.ar\/centro-a1810\">Centro<\/a>\u00a0<a href=\"https:\/\/prensa.jujuy.gob.ar\/cultural-a10443\" target=\"_blank\" rel=\"noreferrer noopener\">Cultural<\/a>\u00a0<a href=\"https:\/\/prensa.jujuy.gob.ar\/lola-mora-a7375\">Lola Mora<\/a>\u00a0y, con una amplia convocatoria a especialistas en museolog\u00eda de todo el pa\u00eds se le da vida a la \u00faltima obra arquitect\u00f3nica de C\u00e9sar Pelli, hoy se conocieron las ofertas y propuestas para la museolog\u00eda y museograf\u00eda.<\/p>\n\n\n\n<p>En la oportunidad, Morales se\u00f1al\u00f3 que \u201cesta obra lleva un largo proceso que empez\u00f3 con una visita que, no sab\u00edamos si \u00edbamos a tener \u00e9xito, al arquitecto C\u00e9sar Pelli en su estudio y estuvimos cuatro horas hablando de muchos temas, porque era un apasionado por la historia\u00bb.<\/p>\n\n\n\n<p>Agreg\u00f3 que \u00abes muy importante el rol de Tulia y es por eso hemos separado en dos n\u00facleo de acciones; uno para la obra civil en s\u00ed misma que ya hemos hecho la apertura de sobres y pronto vamos a hacer las adjudicaciones a las empresas que m\u00e1s hayan cumplido y ahora un tema que le ped\u00ed a Tulia y que ha trabajado en equipo que es el tema de la museolog\u00eda y museograf\u00eda\u00bb.<\/p>\n\n\n\n<p>Apunt\u00f3 que \u201ccomparto lo que dice Tulia que tiene que ver con el coraz\u00f3n del centro cultural\u00bb y subray\u00f3 que \u00abhay mucho que contar de Lola Mora y es realmente ejemplar su trayectoria, los argentinos tenemos que estar orgullosos de tener una artista como ella, pero adem\u00e1s no solo en el aspecto de la museolog\u00eda, no solo el museo, no solo las seis etapas que tenemos y tambi\u00e9n estamos en una tarea importante y en buenas condiciones del proceso importante, sino tambi\u00e9n en los talleres que van a generar la participaci\u00f3n de otros artistas\u201d.<\/p>\n\n\n\n<p>\u201cVeo que el equipo trabaj\u00f3 muy bien y much\u00edsimas gracias Tulia, porque has trabajado mucho tiempo y aqu\u00ed no llegamos de la noche a la ma\u00f1ana, cost\u00f3 varios a\u00f1os llegar con el proyecto y de llegar con el proyecto ejecutivo tambi\u00e9n a esta instancia que ha llevado mucho trabajo\u00bb, expres\u00f3.<\/p>\n\n\n\n<p>En tanto, la doctora Tulia Snopek se\u00f1al\u00f3 que la museograf\u00eda del Centro Cultural Lola Mora \u00abes algo tan importante como la construcci\u00f3n civil, porque es el coraz\u00f3n del centro, se trata del c\u00f3mo y de qu\u00e9 forma se va a contar la historia de la artista\u00bb.<\/p>\n\n\n\n<p>El Centro Cultural Lola Mora no es solamente un museo rodeado de esculturas, sino que ser\u00e1 un lugar en donde se construir\u00e1, entre otras cosas, un sal\u00f3n de exposiciones temporarias, en donde los artistas principalmente juje\u00f1os, van a poder mostrar lo que hacen. \u201cEl centro cultural una vez concluido ser\u00e1 un orgullo para todos los juje\u00f1os\u201d, sostuvo.<\/p>\n\n\n\n<p>En el Centro Cultural Lola Mora no s\u00f3lo se podr\u00e1 disfrutar de la exposici\u00f3n permanente de las famosas esculturas: Los Leones, La Libertad, El Progreso, El Trabajo, La Paz y La Justicia; sino tambi\u00e9n de un espacio destinado a exposiciones temporales, donde los visitantes podr\u00e1n disfrutar de proyectos y propuestas de distintos artistas y curadores cuya finalidad es expandir los contenidos propios del museo y conectar con las expresiones del arte contempor\u00e1neo. Dentro del proyecto integral estas exposiciones est\u00e1n previstas tanto en la sala de exposici\u00f3n temporal, el denominado taller, como en los jardines exteriores.<\/p>\n\n\n\n<p>En este punto el equipo del estudio Pelli Clarke Pelli fue muy espec\u00edfico, consider\u00e1ndose parte de esta etapa de evaluaci\u00f3n de la mejor propuesta museogr\u00e1fica. La narrativa del museo debe ser acorde a las visuales y el espacio no s\u00f3lo construido, sino tambi\u00e9n al aire libre.<\/p>\n\n\n\n<p>En las propuestas de las empresas deber\u00e1 estar comprendidos e interpretados, sectores de aprendizaje e intercambio, donde los visitantes sean parte del recorrido de forma activa con biblioteca, ludoteca, espacios multimedia, talleres y un sector de servicios.<\/p>\n\n\n\n<p>Asimismo, por ser el Centro Cultural Lola Mora un espacio previsto para certificaci\u00f3n LEED, Net Zero, y por enmarcarse en el Plan Maestro Plurianual de Desarrollo y su meta hacia Jujuy Verde Carbono Neutral 2050, el proyecto deber\u00e1 continuar la revalorizaci\u00f3n del ambiente que lo contiene: la reserva de biosfera de las yungas juje\u00f1as, para las que tambi\u00e9n el Lola Mora significar\u00e1 un nuevo portal de acceso, tanto para la ciudadan\u00eda juje\u00f1a como para la de la regi\u00f3n y el mundo. Tambi\u00e9n particip\u00f3 del acto la directora de Turismo, Sandra Nazar.<\/p>\n\n\n\n<figure class=\"wp-block-image size-full is-resized\"><a href=\"https:\/\/prensa.jujuy.gob.ar\/centro\/se-conocieron-ofertas-y-proyectos-la-museologia-del-centro-cultural-lola-mora-n107052\" target=\"_blank\" rel=\"noopener\"><img decoding=\"async\" src=\"https:\/\/circuitosalta.com.ar\/wp-content\/uploads\/2022\/06\/Captura-web_9-6-2022_12539_prensa.jujuy_.gob_.ar_.jpeg\" alt=\"\" class=\"wp-image-881\" width=\"203\" height=\"45\"\/><\/a><\/figure>\n","protected":false},"excerpt":{"rendered":"<p>El acto fue presidido por el gobernador de la Provincia Gerardo Morales y la doctora Tulia Snopek quien, por pedido del mandatario, apoya y acompa\u00f1a en las acciones culturales como parte de sus funciones de Primera Dama. Tambi\u00e9n estuvo presente Carolina Ferrer, coordinadora de Proyectos de la Secretar\u00eda de Planificaci\u00f3n del Ministerio de Infraestructura Servicios [&hellip;]<\/p>\n","protected":false},"author":2,"featured_media":882,"comment_status":"open","ping_status":"open","sticky":false,"template":"","format":"standard","meta":{"tdm_status":"","tdm_grid_status":"","footnotes":""},"categories":[26],"tags":[],"class_list":{"0":"post-880","1":"post","2":"type-post","3":"status-publish","4":"format-standard","5":"has-post-thumbnail","7":"category-culturales"},"_links":{"self":[{"href":"https:\/\/circuitosalta.com.ar\/index.php?rest_route=\/wp\/v2\/posts\/880"}],"collection":[{"href":"https:\/\/circuitosalta.com.ar\/index.php?rest_route=\/wp\/v2\/posts"}],"about":[{"href":"https:\/\/circuitosalta.com.ar\/index.php?rest_route=\/wp\/v2\/types\/post"}],"author":[{"embeddable":true,"href":"https:\/\/circuitosalta.com.ar\/index.php?rest_route=\/wp\/v2\/users\/2"}],"replies":[{"embeddable":true,"href":"https:\/\/circuitosalta.com.ar\/index.php?rest_route=%2Fwp%2Fv2%2Fcomments&post=880"}],"version-history":[{"count":1,"href":"https:\/\/circuitosalta.com.ar\/index.php?rest_route=\/wp\/v2\/posts\/880\/revisions"}],"predecessor-version":[{"id":883,"href":"https:\/\/circuitosalta.com.ar\/index.php?rest_route=\/wp\/v2\/posts\/880\/revisions\/883"}],"wp:featuredmedia":[{"embeddable":true,"href":"https:\/\/circuitosalta.com.ar\/index.php?rest_route=\/wp\/v2\/media\/882"}],"wp:attachment":[{"href":"https:\/\/circuitosalta.com.ar\/index.php?rest_route=%2Fwp%2Fv2%2Fmedia&parent=880"}],"wp:term":[{"taxonomy":"category","embeddable":true,"href":"https:\/\/circuitosalta.com.ar\/index.php?rest_route=%2Fwp%2Fv2%2Fcategories&post=880"},{"taxonomy":"post_tag","embeddable":true,"href":"https:\/\/circuitosalta.com.ar\/index.php?rest_route=%2Fwp%2Fv2%2Ftags&post=880"}],"curies":[{"name":"wp","href":"https:\/\/api.w.org\/{rel}","templated":true}]}}