{"id":890,"date":"2022-06-13T18:50:41","date_gmt":"2022-06-13T21:50:41","guid":{"rendered":"https:\/\/circuitosalta.com.ar\/?p=890"},"modified":"2022-06-13T18:50:43","modified_gmt":"2022-06-13T21:50:43","slug":"salta-es-protagonista-nacional-en-el-proximo-fin-de-semana-largo","status":"publish","type":"post","link":"https:\/\/circuitosalta.com.ar\/?p=890","title":{"rendered":"Salta es protagonista nacional en el pr\u00f3ximo fin de semana largo"},"content":{"rendered":"\n<h4 class=\"has-white-color has-text-color has-background wp-block-heading\" style=\"background-color:#62041b\">El fin de semana extendido que comienza con la conmemoraci\u00f3n del fallecimiento del general Mart\u00edn Miguel de G\u00fcemes tendr\u00e1 una alta concurrencia de turistas que disfrutar\u00e1n de los mejores servicios tur\u00edsticos y paisajes, adem\u00e1s de participar en diversas actividades g\u00fcemesianas.<\/h4>\n\n\n\n<p>Antes de la temporada vacacional de invierno(julio) el pa\u00eds tendr\u00e1 un fin de semana extendido en el que Salta ser\u00e1 protagonista por conmemorarse el fallecimiento del h\u00e9roe nacional Mart\u00edn Miguel de G\u00fcemes el viernes 17 de junio. Adem\u00e1s, el lunes 20 se conmemora el paso a la inmortalidad del general Manuel Belgrano.<\/p>\n\n\n\n<p>Estos cuatro d\u00edas son una buena oportunidad para que miles de turistas recorran el pa\u00eds con Salta como epicentro. Fuentes del sector privado estiman un alto nivel de ocupaci\u00f3n en las regiones tur\u00edsticas, donde adem\u00e1s de disfrutar servicios de primer nivel en paisajes que impactan, los visitantes participar\u00e1n de las actividades g\u00fcemesianas en las distintas localidades que se extender\u00e1n hasta el 28 de junio.<\/p>\n\n\n\n<p>Las actividades centrales se desarrollan en la ciudad de Salta, el 16 de junio con la tradicional Guardia Bajo las Estrellas, donde los fogones gauchos recrean la vigilia de los infernales de G\u00fcemes en su lecho de muerte. Turistas podr\u00e1n participar en la ceremonia en la medianoche del jueves. El 17 de junio en el tradicional desfile tambi\u00e9n se espera la presencia de visitantes de todo el pa\u00eds y el exterior.<\/p>\n\n\n\n<figure class=\"wp-block-image\"><a href=\"https:\/\/www.salta.gob.ar\/public\/images\/noticias\/contenidos\/3091-salta-es-protagonista-nacional-en-el-proximo-fin-de-semana-largo.jpg\"><img decoding=\"async\" src=\"https:\/\/www.salta.gob.ar\/public\/images\/noticias\/contenidos\/3091-salta-es-protagonista-nacional-en-el-proximo-fin-de-semana-largo.jpg\" alt=\"Salta es protagonista nacional en el pr\u00f3ximo fin de semana largo\"\/><\/a><\/figure>\n\n\n\n<p>Destinos como Campo Quijano, San Jos\u00e9 de Met\u00e1n, Rosario de la Frontera, El Bordo, Vaqueros(, Aguaray, La Vi\u00f1a, Campo Santo, San Ram\u00f3n de la Nueva Or\u00e1n, La Caldera, Animan\u00e1, Cachi, San Jos\u00e9 de los Cerrillos, Chicoana, Coronel Moldes, San Lorenzo, General Ballivi\u00e1n, Chicoana, y la capital provincial organizan actividades hasta fin de mes.Las actividades completas pueden consultarse en&nbsp;<a href=\"http:\/\/turismosalta.gov.ar\/images\/uploads\/calendarioguemesiano2022(4).pdf\">http:\/\/turismosalta.gov.ar\/images\/uploads\/calendarioguemesiano2022(4).pdf<\/a><\/p>\n\n\n\n<p>Desde el sector privado se informa que las reservas son altas para los cuatro d\u00edas de feriado y anticipan un invierno que ser\u00eda r\u00e9cord acompa\u00f1ando la tendencia de crecimiento de todo el primer semestre de 2022.<\/p>\n\n\n\n<hr class=\"wp-block-separator\"\/>\n\n\n\n<p>Fuente:&nbsp;<strong>Secretaria de Prensa y Comunicaci\u00f3n<\/strong><\/p>\n","protected":false},"excerpt":{"rendered":"<p>El fin de semana extendido que comienza con la conmemoraci\u00f3n del fallecimiento del general Mart\u00edn Miguel de G\u00fcemes tendr\u00e1 una alta concurrencia de turistas que disfrutar\u00e1n de los mejores servicios tur\u00edsticos y paisajes, adem\u00e1s de participar en diversas actividades g\u00fcemesianas. Antes de la temporada vacacional de invierno(julio) el pa\u00eds tendr\u00e1 un fin de semana extendido [&hellip;]<\/p>\n","protected":false},"author":2,"featured_media":891,"comment_status":"open","ping_status":"open","sticky":false,"template":"","format":"standard","meta":{"tdm_status":"","tdm_grid_status":"","footnotes":""},"categories":[26],"tags":[],"class_list":{"0":"post-890","1":"post","2":"type-post","3":"status-publish","4":"format-standard","5":"has-post-thumbnail","7":"category-culturales"},"_links":{"self":[{"href":"https:\/\/circuitosalta.com.ar\/index.php?rest_route=\/wp\/v2\/posts\/890"}],"collection":[{"href":"https:\/\/circuitosalta.com.ar\/index.php?rest_route=\/wp\/v2\/posts"}],"about":[{"href":"https:\/\/circuitosalta.com.ar\/index.php?rest_route=\/wp\/v2\/types\/post"}],"author":[{"embeddable":true,"href":"https:\/\/circuitosalta.com.ar\/index.php?rest_route=\/wp\/v2\/users\/2"}],"replies":[{"embeddable":true,"href":"https:\/\/circuitosalta.com.ar\/index.php?rest_route=%2Fwp%2Fv2%2Fcomments&post=890"}],"version-history":[{"count":1,"href":"https:\/\/circuitosalta.com.ar\/index.php?rest_route=\/wp\/v2\/posts\/890\/revisions"}],"predecessor-version":[{"id":892,"href":"https:\/\/circuitosalta.com.ar\/index.php?rest_route=\/wp\/v2\/posts\/890\/revisions\/892"}],"wp:featuredmedia":[{"embeddable":true,"href":"https:\/\/circuitosalta.com.ar\/index.php?rest_route=\/wp\/v2\/media\/891"}],"wp:attachment":[{"href":"https:\/\/circuitosalta.com.ar\/index.php?rest_route=%2Fwp%2Fv2%2Fmedia&parent=890"}],"wp:term":[{"taxonomy":"category","embeddable":true,"href":"https:\/\/circuitosalta.com.ar\/index.php?rest_route=%2Fwp%2Fv2%2Fcategories&post=890"},{"taxonomy":"post_tag","embeddable":true,"href":"https:\/\/circuitosalta.com.ar\/index.php?rest_route=%2Fwp%2Fv2%2Ftags&post=890"}],"curies":[{"name":"wp","href":"https:\/\/api.w.org\/{rel}","templated":true}]}}