{"id":893,"date":"2022-06-14T09:47:39","date_gmt":"2022-06-14T12:47:39","guid":{"rendered":"https:\/\/circuitosalta.com.ar\/?p=893"},"modified":"2022-06-14T09:47:42","modified_gmt":"2022-06-14T12:47:42","slug":"tristan-bauer-participo-de-la-reunion-de-ministras-y-ministros-de-cultura-del-mercosur","status":"publish","type":"post","link":"https:\/\/circuitosalta.com.ar\/?p=893","title":{"rendered":"Trist\u00e1n Bauer particip\u00f3 de la reuni\u00f3n de ministras y ministros de Cultura del Mercosur"},"content":{"rendered":"\n<h6 class=\"has-white-color has-vivid-red-background-color has-text-color has-background wp-block-heading\">Los d\u00edas 9 y 10 de junio se realiz\u00f3 en la ciudad de Asunci\u00f3n, Paraguay, la Reuni\u00f3n del Comit\u00e9 Coordinador Regional y de Ministros del MERCOSUR Cultural, con la presidencia pro t\u00e9mpore de Paraguay y representantes de los organismos de Cultura de Argentina, Brasil, Paraguay, Uruguay, Bolivia, Colombia, Chile, Ecuador, Per\u00fa, y la Secretar\u00eda T\u00e9cnica del Mercosur Cultural.<\/h6>\n\n\n\n<p>La delegaci\u00f3n argentina, representada por el&nbsp;<strong>ministro de Cultura, Trist\u00e1n Bauer<\/strong>, y la&nbsp;<strong>directora nacional de Integraci\u00f3n Federal y Cooperaci\u00f3n Internacional, Ariela Peretti<\/strong>, destac\u00f3 la importancia de seguir fortaleciendo la cooperaci\u00f3n cultural y regional, as\u00ed como la necesidad de trabajar para que la cultura se incorpore de forma central en la pr\u00f3xima agenda de desarrollo sostenible a trav\u00e9s de pol\u00edticas culturales inclusivas que fortalezcan la diversidad propia de cada pa\u00eds y de la regi\u00f3n.<\/p>\n\n\n\n<p><strong>Bauer llam\u00f3 a impulsar con mayor dinamismo la protecci\u00f3n de la herencia de la diversidad cultural y art\u00edstica de la regi\u00f3n, ponderando las pol\u00edticas de restauraci\u00f3n del patrimonio hist\u00f3rico y cultural como herramientas para el acercamiento a nuestro legado ancestral e identitarios.<\/strong><\/p>\n\n\n\n<p><strong>Tambi\u00e9n destac\u00f3 la necesidad de incorporar el concepto de patrimonio integral, que unifica el abordaje del patrimonio material, inmaterial y natural.<\/strong><\/p>\n\n\n\n<figure class=\"wp-block-image size-large\"><img decoding=\"async\" src=\"https:\/\/www.argentina.gob.ar\/sites\/default\/files\/whatsapp_image_2022-06-10_at_2.34.31_pm.jpeg\" alt=\"\"\/><\/figure>\n\n\n\n<p>Y se refiri\u00f3 a la importancia de revisar las pol\u00edticas culturales y adaptarlas para enfrentar en mejor medida a los desaf\u00edos contempor\u00e1neos del desarrollo de nuestras industrias culturales, que tanto afectan al desarrollo de las econom\u00edas de nuestros pa\u00edses. Bauer resalt\u00f3 la necesidad de incorporar a la cultura de forma central en la pr\u00f3xima agenda de desarrollo sostenible.<\/p>\n\n\n\n<p>Adem\u00e1s de la presencia en las reuniones del Mercosur, se profundiz\u00f3 la agenda bilateral, donde Argentina consolida su relaci\u00f3n con Paraguay, con el objetivo de generar di\u00e1logos sobre temas espec\u00edficos como son las pol\u00edticas culturales para la inclusi\u00f3n; los desaf\u00edos del sector de las industrias culturales en la convergencia digital; las nuevas plataformas digitales y la industria de contenidos; entre otros.<\/p>\n\n\n\n<figure class=\"wp-block-image size-large\"><img decoding=\"async\" src=\"https:\/\/www.argentina.gob.ar\/sites\/default\/files\/whatsapp_image_2022-06-10_at_1.16.16_pm.jpeg\" alt=\"\"\/><\/figure>\n\n\n\n<p>En la jornada del viernes, las ministras y ministros de Cultura de los Estados Partes y Estados Asociados del Mercosur firmaron un documento conjunto en el que se comprometen a unir esfuerzos para alinear los objetivos de la integraci\u00f3n cultural del Mercosur frente a los nuevos desaf\u00edos globales, con miras a la Conferencia Mundial de Pol\u00edticas Culturales y Desarrollo Sostenible, MONDIACULT 2022 y declaran:<\/p>\n\n\n\n<figure class=\"wp-block-image size-large\"><img decoding=\"async\" src=\"https:\/\/www.argentina.gob.ar\/sites\/default\/files\/whatsapp_image_2022-06-10_at_2.34.32_pm.jpeg\" alt=\"\"\/><\/figure>\n\n\n\n<ul class=\"wp-block-list\"><li>Destacar que, desde su creaci\u00f3n en el a\u00f1o 1995, el Mercosur Cultural que est\u00e1 integrado por los Estados Partes Argentina, Brasil, Paraguay y Uruguay, y Estados Asociados Bolivia, Chile, Colombia, Ecuador, Guyana, Per\u00fa y Suriname, tiene como fin reconocer a la Cultura como elemento transversal de los procesos del Mercosur y posicionarla para un desarrollo social y econ\u00f3mico, sustentable e inclusivo de la ciudadan\u00eda del Mercosur, entendiendo que la cultura constituye un elemento primordial de los procesos de integraci\u00f3n, y que la cooperaci\u00f3n y el intercambio cultural generan nuevos fen\u00f3menos y realidades, inspirados en el respeto a la diversidad de las identidades y en el enriquecimiento mutuo y finalmente reconocer que la din\u00e1mica cultural es factor determinante en el fortalecimiento de los valores de la democracia y de la convivencia en las sociedades.<\/li><li><\/li><li>Valorar que el Mercosur Cultural como instancia regional multilateral ha sido determinante para hacer frente a los m\u00faltiples desaf\u00edos a causa de la emergencia sanitaria, ante las grandes debilidades del sector que quedaron al descubierto, sobre todo la alta vulnerabilidad social de los diversos agentes culturales ante la situaci\u00f3n de confinamiento y el aumento en las brechas de desigualdades, y continuar trabajando para superar las inequidades socioecon\u00f3micas que afectan a nuestros pueblos.<\/li><li><\/li><li>Profundizar la adopci\u00f3n de estrategias y mecanismos para garantizar los derechos culturales ante el impacto de la digitalizaci\u00f3n en todos los sectores, propiciando la disminuci\u00f3n de la brecha digital.<\/li><li><\/li><li>Impulsar el Mercado de Industrias Culturales del Sur (MICSUR), que tiene como objetivo consolidar una plataforma para el conocimiento, difusi\u00f3n, promoci\u00f3n, circulaci\u00f3n y comercializaci\u00f3n de bienes y servicios generados por actores de las industrias culturales y creativas, as\u00ed como fortalecer los lazos regionales existentes que vinculan a la cultura de toda la regi\u00f3n. Esta experiencia y las pol\u00edticas que se desprenden, han servido de modelo para consolidar un ecosistema cultural que trasciende las fronteras y encuentran un espacio regional en los mercados nacionales que se han desarrollado en los \u00faltimos a\u00f1os.<\/li><li><\/li><li>Reconocer la contribuci\u00f3n de las industrias culturales y creativas para la reactivaci\u00f3n socioecon\u00f3mica de nuestros pa\u00edses posterior a la pandemia, y la importancia de construir marcos normativos que se adapten a las nuevas tendencias de consumo y circulaci\u00f3n de contenidos culturales que permitan fortalecerlas.<\/li><li><\/li><li>Promover el reconocimiento del Patrimonio Cultural del Mercosur, que expresa los esfuerzos de uni\u00f3n entre los pa\u00edses de la regi\u00f3n, relacionado a las referencias culturales compartidas, constituyendo un factor de promoci\u00f3n de la integraci\u00f3n y destacando la importancia de la Educaci\u00f3n Patrimonial.<\/li><li>Fortalecer los sistemas de informaci\u00f3n cultural de nuestros pa\u00edses y avanzar hacia su homologaci\u00f3n a nivel regional, como insumo para el dise\u00f1o de pol\u00edticas p\u00fablicas del sector cultural y creativo.<\/li><li><\/li><li>Promover el di\u00e1logo intercultural, como pa\u00edses pluriculturales y multiling\u00fces, desde la perspectiva del desarrollo sostenible que implica armonizar el bienestar econ\u00f3mico, los recursos naturales y la sociedad, propiciando la cultura de la paz.<\/li><li><\/li><li>Reforzar las pol\u00edticas culturales que promocionen, protejan, salvaguarden y garanticen los derechos culturales individuales y colectivos de la diversidad cultural y ling\u00fc\u00edstica de nuestros pa\u00edses, en un marco de tolerancia, respeto y reconocimiento mutuo, que nos permitan construir un futuro m\u00e1s sostenible, equitativo, justo e inclusivo en nuestras sociedades.<\/li><li><\/li><li>Destacar los resultados del estudio \u201cEvaluaci\u00f3n del impacto del COVID-19 en las industrias culturales y creativas: una iniciativa conjunta del MERCOSUR, UNESCO, BID, SEGIB y OEI\u201d y celebrar el proceso de trabajo que logr\u00f3 articular los mecanismos de integraci\u00f3n y organismos multilaterales en favor de las prioridades de las pol\u00edticas culturales delineadas por los pa\u00edses de la regi\u00f3n.<\/li><li><\/li><li>Subrayar la pertinencia de revisar las pol\u00edticas culturales y adaptarlas para enfrentar en mejor medida a los desaf\u00edos contempor\u00e1neos del sector cultural, que permitan una mayor visibilizaci\u00f3n del impacto y su contribuci\u00f3n al desarrollo de nuestros pueblos, adem\u00e1s de resaltar la necesidad de incorporar la cultura de forma central en la pr\u00f3xima agenda de desarrollo sostenible.<\/li><li><\/li><li>Reconocer a la UNESCO por impulsar la Conferencia Mundial de Pol\u00edticas Culturales y Desarrollo Sostenible \u2013 MONDIACULT 2022, como \u00e1mbito que promueve el di\u00e1logo pol\u00edtico mundial sobre la cultura para el desarrollo sostenible, y felicitar al Gobierno de M\u00e9xico por acoger su organizaci\u00f3n.<\/li><\/ul>\n\n\n\n<figure class=\"wp-block-image size-large\"><img decoding=\"async\" src=\"https:\/\/www.argentina.gob.ar\/sites\/default\/files\/whatsapp_image_2022-06-10_at_2.34.31_pm_1.jpeg\" alt=\"\"\/><\/figure>\n\n\n\n<p><strong>Sobre el Mercosur Cultural:<\/strong><br>El Mercosur constituye la principal plataforma de inserci\u00f3n internacional para la Argentina, y el Mercosur Cultural el principal bloque de integraci\u00f3n cultural para la promoci\u00f3n de las industrias culturales y creativas de nuestro pa\u00eds.<\/p>\n\n\n\n<p>El Mercosur Cultural, instancia creada en 1995, constituye una instancia de negociaci\u00f3n pol\u00edtica concreta que posibilita el intercambio de pr\u00e1cticas e intereses, la reflexi\u00f3n acerca de los procesos culturales comunes, la profundizaci\u00f3n de lazos de amistad y de entendimiento rec\u00edproco y la coordinaci\u00f3n de posiciones en foros multilaterales.<\/p>\n\n\n\n<p>La participaci\u00f3n de Argentina se encuentra en consonancia con la pol\u00edtica exterior de la Naci\u00f3n delineada por la Canciller\u00eda Argentina, que entiende al Mercosur como marco propicio para fortalecer la democracia, la cultura de paz, el orden constitucional y el estado de derecho de la regi\u00f3n.<\/p>\n\n\n\n<figure class=\"wp-block-image size-full is-style-rounded\"><a href=\"https:\/\/www.argentina.gob.ar\/noticias\/tristan-bauer-participa-de-la-reunion-de-ministras-y-ministros-de-cultura-del-mercosur\" target=\"_blank\" rel=\"noopener\"><img fetchpriority=\"high\" decoding=\"async\" width=\"684\" height=\"106\" src=\"https:\/\/circuitosalta.com.ar\/wp-content\/uploads\/2022\/06\/Captura-web_5-6-2022_172224_www.argentina.gob_.ar_.jpeg\" alt=\"\" class=\"wp-image-869\" srcset=\"https:\/\/circuitosalta.com.ar\/wp-content\/uploads\/2022\/06\/Captura-web_5-6-2022_172224_www.argentina.gob_.ar_.jpeg 684w, https:\/\/circuitosalta.com.ar\/wp-content\/uploads\/2022\/06\/Captura-web_5-6-2022_172224_www.argentina.gob_.ar_-300x46.jpeg 300w\" sizes=\"(max-width: 684px) 100vw, 684px\" \/><\/a><\/figure>\n","protected":false},"excerpt":{"rendered":"<p>Los d\u00edas 9 y 10 de junio se realiz\u00f3 en la ciudad de Asunci\u00f3n, Paraguay, la Reuni\u00f3n del Comit\u00e9 Coordinador Regional y de Ministros del MERCOSUR Cultural, con la presidencia pro t\u00e9mpore de Paraguay y representantes de los organismos de Cultura de Argentina, Brasil, Paraguay, Uruguay, Bolivia, Colombia, Chile, Ecuador, Per\u00fa, y la Secretar\u00eda T\u00e9cnica [&hellip;]<\/p>\n","protected":false},"author":2,"featured_media":894,"comment_status":"open","ping_status":"open","sticky":false,"template":"","format":"standard","meta":{"tdm_status":"","tdm_grid_status":"","footnotes":""},"categories":[14,26],"tags":[],"class_list":{"0":"post-893","1":"post","2":"type-post","3":"status-publish","4":"format-standard","5":"has-post-thumbnail","7":"category-anuncios","8":"category-culturales"},"_links":{"self":[{"href":"https:\/\/circuitosalta.com.ar\/index.php?rest_route=\/wp\/v2\/posts\/893"}],"collection":[{"href":"https:\/\/circuitosalta.com.ar\/index.php?rest_route=\/wp\/v2\/posts"}],"about":[{"href":"https:\/\/circuitosalta.com.ar\/index.php?rest_route=\/wp\/v2\/types\/post"}],"author":[{"embeddable":true,"href":"https:\/\/circuitosalta.com.ar\/index.php?rest_route=\/wp\/v2\/users\/2"}],"replies":[{"embeddable":true,"href":"https:\/\/circuitosalta.com.ar\/index.php?rest_route=%2Fwp%2Fv2%2Fcomments&post=893"}],"version-history":[{"count":1,"href":"https:\/\/circuitosalta.com.ar\/index.php?rest_route=\/wp\/v2\/posts\/893\/revisions"}],"predecessor-version":[{"id":895,"href":"https:\/\/circuitosalta.com.ar\/index.php?rest_route=\/wp\/v2\/posts\/893\/revisions\/895"}],"wp:featuredmedia":[{"embeddable":true,"href":"https:\/\/circuitosalta.com.ar\/index.php?rest_route=\/wp\/v2\/media\/894"}],"wp:attachment":[{"href":"https:\/\/circuitosalta.com.ar\/index.php?rest_route=%2Fwp%2Fv2%2Fmedia&parent=893"}],"wp:term":[{"taxonomy":"category","embeddable":true,"href":"https:\/\/circuitosalta.com.ar\/index.php?rest_route=%2Fwp%2Fv2%2Fcategories&post=893"},{"taxonomy":"post_tag","embeddable":true,"href":"https:\/\/circuitosalta.com.ar\/index.php?rest_route=%2Fwp%2Fv2%2Ftags&post=893"}],"curies":[{"name":"wp","href":"https:\/\/api.w.org\/{rel}","templated":true}]}}