{"id":896,"date":"2022-06-15T12:11:29","date_gmt":"2022-06-15T15:11:29","guid":{"rendered":"https:\/\/circuitosalta.com.ar\/?p=896"},"modified":"2022-06-15T12:11:32","modified_gmt":"2022-06-15T15:11:32","slug":"la-orquesta-sinfonica-brindara-un-concierto-gratuito-en-el-hotel-alejandro-i","status":"publish","type":"post","link":"https:\/\/circuitosalta.com.ar\/?p=896","title":{"rendered":"La Orquesta Sinf\u00f3nica brindar\u00e1 un concierto gratuito en el Hotel Alejandro I"},"content":{"rendered":"\n<h4 class=\"has-white-color has-text-color has-background wp-block-heading\" style=\"background-color:#5b0319\">Bajo la direcci\u00f3n de Mart\u00edn D\u2019 El\u00eda como director invitado, el jueves 16 a las 21, la Orquesta Sinf\u00f3nica de Salta ofrecer\u00e1 un nuevo concierto en el marco del Ciclo \u00abOtros escenarios\u00bb.<\/h4>\n\n\n\n<p>El mismo tendr\u00e1 lugar en el Sal\u00f3n Castellanos del Hotel Alejandro I (Balcarce 252) con entrada libre y gratuita.<\/p>\n\n\n\n<p>Se interpretar\u00e1 Concierto para viol\u00edn Nro. 1 en do mayor de Joseph Haydn, con la participaci\u00f3n de Miguel Buchhalter en viol\u00edn, y On Hearing the First Cuckoo in Spring de Frederick Delius, ambas obras en estreno. La velada culminar\u00e1 con la Sinfon\u00eda Nro. 41, en do mayor, K. 551 de Wolfgang Amadeus Mozart.<\/p>\n\n\n\n<p><strong>Sobre Mart\u00edn D&#8217; El\u00eda, director invitado<\/strong><\/p>\n\n\n\n<p>Mart\u00edn D \u0301 El\u00eda (Bah\u00eda Blanca, 1978) obtuvo el t\u00edtulo de Licenciado en Direcci\u00f3n Orquestal en la Universidad Nacional de La Plata, donde adem\u00e1s realiz\u00f3 estudios de Direcci\u00f3n Coral y Composici\u00f3n. En 2009 realiz\u00f3 su tesis de grado llevando a escena la \u201cHistoria del soldado\u201d, de Igor Stravinsky, obteniendo la mejor calificaci\u00f3n. Sus primeros maestros de violoncello fueron Pablo Romero y Jorge Almerares. En 2005 ingres\u00f3 por concurso a la Camerata Acad\u00e9mica del Teatro Argentino de La Plata, junto a la cual actu\u00f3 como solista en diversas oportunidades \u201cTrauermusik\u201d de Paul Hindemith y Concierto para dos violoncellos de Antonio Vivaldi. Ha realizado numerosos cursos y clases magistrales de cello, m\u00fasica de c\u00e1mara, direcci\u00f3n orquestal y m\u00fasica barroca, con renombrados maestros como Stanimir Todorov (Bulgaria), Jos\u00e9 Araujo, Eduardo Vasallo (Arg-Inglaterra), Gabriel Garrido (Arg-Suiza), Manfred Kraemer (Arg- Espa\u00f1a), Bal\u00e1sz Mat\u00e9 (Hungr\u00eda) y Jordi Mora (Espa\u00f1a).<\/p>\n\n\n\n<p>En 2008 ingres\u00f3 por concurso a la Orquesta Sinf\u00f3nica de Salta. Entre 2009 y 2011 particip\u00f3 como cellista y director del Ensamble Contempor\u00e1neo de Salta y de la Orquesta Estudio.Como miembro del Departamento de M\u00fasica de C\u00e1mara del IMD mantuvo desde 2009 una intensa actividad art\u00edstica interpretando un amplio repertorio de sonatas, tr\u00edos, cuartetos y quintetos.<\/p>\n\n\n\n<p>Desde 2009 y hasta 2014 fue docente de cello de la Orquesta Sinf\u00f3nica Infantil y Juvenil de Salta. En Noviembre de 2014 gana por concurso el cargo de Director de la Orquesta Sinf\u00f3nica Juvenil de Salta.<\/p>\n\n\n\n<p>Ha tocado como solista junto a la Orquesta Sinf\u00f3nica de Salta: \u201cLa Muse et le Po\u00e8te\u201d de Saint-Sa\u00ebns, junto a Iva Jovanovic, \u201cAdagio con variazioni\u201d de Okorino Respighi. y Concierto en la menor de Robert Schumann.<\/p>\n\n\n\n<p>Desde 2021 es sido invitado frecuentemente a dirigir la Orquesta Sinf\u00f3nica de Salta.<\/p>\n\n\n\n<hr class=\"wp-block-separator\"\/>\n\n\n\n<p>Fuente:\u00a0<strong><a href=\"https:\/\/www.salta.gob.ar\/prensa\/noticias\/la-orquesta-sinfonica-brindara-un-concierto-gratuito-en-el-hotel-alejandro-i-83005\" target=\"_blank\" rel=\"noreferrer noopener\" title=\"Secretar\u00eda de Prensa y Comunicaci\u00f3n\">Secretar\u00eda de Prensa y Comunicaci\u00f3n<\/a><\/strong><\/p>\n","protected":false},"excerpt":{"rendered":"<p>Bajo la direcci\u00f3n de Mart\u00edn D\u2019 El\u00eda como director invitado, el jueves 16 a las 21, la Orquesta Sinf\u00f3nica de Salta ofrecer\u00e1 un nuevo concierto en el marco del Ciclo \u00abOtros escenarios\u00bb. El mismo tendr\u00e1 lugar en el Sal\u00f3n Castellanos del Hotel Alejandro I (Balcarce 252) con entrada libre y gratuita. Se interpretar\u00e1 Concierto para [&hellip;]<\/p>\n","protected":false},"author":2,"featured_media":897,"comment_status":"open","ping_status":"open","sticky":false,"template":"","format":"standard","meta":{"tdm_status":"","tdm_grid_status":"","footnotes":""},"categories":[26,17],"tags":[],"class_list":{"0":"post-896","1":"post","2":"type-post","3":"status-publish","4":"format-standard","5":"has-post-thumbnail","7":"category-culturales","8":"category-sociales"},"_links":{"self":[{"href":"https:\/\/circuitosalta.com.ar\/index.php?rest_route=\/wp\/v2\/posts\/896"}],"collection":[{"href":"https:\/\/circuitosalta.com.ar\/index.php?rest_route=\/wp\/v2\/posts"}],"about":[{"href":"https:\/\/circuitosalta.com.ar\/index.php?rest_route=\/wp\/v2\/types\/post"}],"author":[{"embeddable":true,"href":"https:\/\/circuitosalta.com.ar\/index.php?rest_route=\/wp\/v2\/users\/2"}],"replies":[{"embeddable":true,"href":"https:\/\/circuitosalta.com.ar\/index.php?rest_route=%2Fwp%2Fv2%2Fcomments&post=896"}],"version-history":[{"count":1,"href":"https:\/\/circuitosalta.com.ar\/index.php?rest_route=\/wp\/v2\/posts\/896\/revisions"}],"predecessor-version":[{"id":898,"href":"https:\/\/circuitosalta.com.ar\/index.php?rest_route=\/wp\/v2\/posts\/896\/revisions\/898"}],"wp:featuredmedia":[{"embeddable":true,"href":"https:\/\/circuitosalta.com.ar\/index.php?rest_route=\/wp\/v2\/media\/897"}],"wp:attachment":[{"href":"https:\/\/circuitosalta.com.ar\/index.php?rest_route=%2Fwp%2Fv2%2Fmedia&parent=896"}],"wp:term":[{"taxonomy":"category","embeddable":true,"href":"https:\/\/circuitosalta.com.ar\/index.php?rest_route=%2Fwp%2Fv2%2Fcategories&post=896"},{"taxonomy":"post_tag","embeddable":true,"href":"https:\/\/circuitosalta.com.ar\/index.php?rest_route=%2Fwp%2Fv2%2Ftags&post=896"}],"curies":[{"name":"wp","href":"https:\/\/api.w.org\/{rel}","templated":true}]}}