{"id":908,"date":"2022-06-16T13:32:25","date_gmt":"2022-06-16T16:32:25","guid":{"rendered":"https:\/\/circuitosalta.com.ar\/?p=908"},"modified":"2022-06-16T13:32:28","modified_gmt":"2022-06-16T16:32:28","slug":"homenaje-al-general-martin-miguel-de-guemes-a-201-anos-de-su-fallecimiento","status":"publish","type":"post","link":"https:\/\/circuitosalta.com.ar\/?p=908","title":{"rendered":"Homenaje al General Mart\u00edn Miguel de G\u00fcemes a 201 a\u00f1os de su fallecimiento"},"content":{"rendered":"\n<h4 class=\"has-white-color has-text-color has-background wp-block-heading\" style=\"background-color:#65031c\">El Ballet Folkl\u00f3rico de la Provincia de Salta \u00abGral. Mart\u00edn Miguel de G\u00fcemes\u00bb ofrecer\u00e1 una nueva funci\u00f3n de su espect\u00e1culo \u00abLa \u00faltima Carta\u00bb, que fuera presentado el mes pasado con gran convocatoria de p\u00fablico. Ser\u00e1 el viernes 17 de junio a las 21:30 horas en el Teatro Provincial \u00abJuan Carlos Saravia\u00bb, Zuvir\u00eda 70.<\/h4>\n\n\n\n<p>Con motivo de conmemorarse un nuevo aniversario del fallecimiento de nuestro H\u00e9roe Gaucho, el Ballet Folkl\u00f3rico de la Provincia de Salta \u00abGral. Mart\u00edn Miguel de G\u00fcemes\u00bb ofrecer\u00e1 una nueva funci\u00f3n de su espect\u00e1culo \u00abLa \u00faltima Carta\u00bb, que fuera presentado el mes pasado con gran convocatoria de p\u00fablico. El encuentro tendr\u00e1 lugar el viernes 17 de Junio a las 21:30 horas en el Teatro Provincial \u00abJuan Carlos Saravia\u00bb, Zuvir\u00eda 70.<\/p>\n\n\n\n<p>\u00abLa \u00faltima Carta\u00bb es una obra que narra a trav\u00e9s de la danza, el teatro y el arte, uno de los momentos m\u00e1s crueles de la historia nacional argentina, la guerra por las Islas Malvinas. Una madre, una esposa, amigos que despiden a aquel muchacho de tan solo dieciocho a\u00f1os notificado en Marzo de 1982 como uno de los soldados que viajar\u00eda a defender la Patria. Esta presentaci\u00f3n cuenta con la direcci\u00f3n art\u00edstica de Daniel Espoz, la subdirecci\u00f3n de Patricia Padilla y con coreograf\u00eda de German Bonetto como invitado; destac\u00e1ndose la participaci\u00f3n especial &nbsp;del Ballet \u00abRecuerdo Salte\u00f1o\u00bb.&nbsp;<\/p>\n\n\n\n<p>La entrada es gratuita con reserva previa a\u00a0<a href=\"http:\/\/reservatuentrada2021@gmail.com\/\" target=\"_blank\" rel=\"noreferrer noopener\">http:\/\/reservatuentrada2021@gmail.com<\/a>\u00a0(cupo de dos personas por mail).<\/p>\n\n\n\n<p><strong>Intervenciones art\u00edsticas en el Museo G\u00fcemes<\/strong><\/p>\n\n\n\n<p>Cabe destacar que, el jueves 16 a las 9:45 y a las 11 horas, bailarines que integran el ballet realizar\u00e1n intervenciones artisticas con cuadros coreogr\u00e1ficos de ra\u00edz folkl\u00f3rica en el Museo G\u00fcemes (Espa\u00f1a 730), las mismas estar\u00e1n destinadas a establecimientos educativos (cuyo cupo est\u00e1 agotado) y p\u00fablico general con ingreso gratuito (esta actividad no incluye el recorrido de visita del museo)<\/p>\n\n\n\n<hr class=\"wp-block-separator\"\/>\n\n\n\n<p>Fuente:\u00a0<strong><a href=\"https:\/\/www.salta.gob.ar\/prensa\/noticias\/homenaje-al-general-martin-miguel-de-guemes-a-201-anios-de-su-fallecimiento-82884\" target=\"_blank\" rel=\"noreferrer noopener\">Secretar\u00eda de Prensa y Comunicaci\u00f3n<\/a><\/strong><\/p>\n","protected":false},"excerpt":{"rendered":"<p>El Ballet Folkl\u00f3rico de la Provincia de Salta \u00abGral. Mart\u00edn Miguel de G\u00fcemes\u00bb ofrecer\u00e1 una nueva funci\u00f3n de su espect\u00e1culo \u00abLa \u00faltima Carta\u00bb, que fuera presentado el mes pasado con gran convocatoria de p\u00fablico. Ser\u00e1 el viernes 17 de junio a las 21:30 horas en el Teatro Provincial \u00abJuan Carlos Saravia\u00bb, Zuvir\u00eda 70. Con motivo [&hellip;]<\/p>\n","protected":false},"author":2,"featured_media":909,"comment_status":"open","ping_status":"open","sticky":false,"template":"","format":"standard","meta":{"tdm_status":"","tdm_grid_status":"","footnotes":""},"categories":[26],"tags":[],"class_list":{"0":"post-908","1":"post","2":"type-post","3":"status-publish","4":"format-standard","5":"has-post-thumbnail","7":"category-culturales"},"_links":{"self":[{"href":"https:\/\/circuitosalta.com.ar\/index.php?rest_route=\/wp\/v2\/posts\/908"}],"collection":[{"href":"https:\/\/circuitosalta.com.ar\/index.php?rest_route=\/wp\/v2\/posts"}],"about":[{"href":"https:\/\/circuitosalta.com.ar\/index.php?rest_route=\/wp\/v2\/types\/post"}],"author":[{"embeddable":true,"href":"https:\/\/circuitosalta.com.ar\/index.php?rest_route=\/wp\/v2\/users\/2"}],"replies":[{"embeddable":true,"href":"https:\/\/circuitosalta.com.ar\/index.php?rest_route=%2Fwp%2Fv2%2Fcomments&post=908"}],"version-history":[{"count":1,"href":"https:\/\/circuitosalta.com.ar\/index.php?rest_route=\/wp\/v2\/posts\/908\/revisions"}],"predecessor-version":[{"id":910,"href":"https:\/\/circuitosalta.com.ar\/index.php?rest_route=\/wp\/v2\/posts\/908\/revisions\/910"}],"wp:featuredmedia":[{"embeddable":true,"href":"https:\/\/circuitosalta.com.ar\/index.php?rest_route=\/wp\/v2\/media\/909"}],"wp:attachment":[{"href":"https:\/\/circuitosalta.com.ar\/index.php?rest_route=%2Fwp%2Fv2%2Fmedia&parent=908"}],"wp:term":[{"taxonomy":"category","embeddable":true,"href":"https:\/\/circuitosalta.com.ar\/index.php?rest_route=%2Fwp%2Fv2%2Fcategories&post=908"},{"taxonomy":"post_tag","embeddable":true,"href":"https:\/\/circuitosalta.com.ar\/index.php?rest_route=%2Fwp%2Fv2%2Ftags&post=908"}],"curies":[{"name":"wp","href":"https:\/\/api.w.org\/{rel}","templated":true}]}}