{"id":946,"date":"2022-06-21T14:32:27","date_gmt":"2022-06-21T17:32:27","guid":{"rendered":"https:\/\/circuitosalta.com.ar\/?p=946"},"modified":"2022-06-21T14:32:29","modified_gmt":"2022-06-21T17:32:29","slug":"el-destino-salta-estuvo-presente-en-fiexpo-latin-america-2022","status":"publish","type":"post","link":"https:\/\/circuitosalta.com.ar\/?p=946","title":{"rendered":"El Destino Salta estuvo presente en Fiexpo Latin Am\u00e9rica 2022"},"content":{"rendered":"\n<h3 class=\"has-cyan-bluish-gray-color has-text-color has-background wp-block-heading\" style=\"background-color:#a6062e\">La feria, que se llev\u00f3 a cabo en Panam\u00e1 del 13 al 17 de junio, facilita el contacto entre destinos y proveedores de la Industria de Reuniones con compradores del mundo.<\/h3>\n\n\n\n<p>A trav\u00e9s de Inprotur Salta y dentro de su programa de Ferias Internacionales para la promoci\u00f3n de destinos a nivel internacional, Salta particip\u00f3 en&nbsp;<strong>Fiexpo Latin Am\u00e9rica 2022<\/strong>, el encuentro m\u00e1s importante a nivel regional donde los destinos y proveedores especializados en la Industria de Reuniones, Eventos e Incentivos pueden conectarse con los m\u00e1s destacados compradores a nivel global.&nbsp;<\/p>\n\n\n\n<p>Este a\u00f1o la feria se desarroll\u00f3 por primera vez en Panam\u00e1, del 13 al 17 de junio, y Salta estuvo representada all\u00ed por&nbsp;<strong>Gabriela Soldano<\/strong>, directora de Turismo de Reuniones de la Provincia, y&nbsp;<strong>Andrea Pieve<\/strong>, presidenta del Centro de Convenciones de Salta.<\/p>\n\n\n\n<figure class=\"wp-block-image\"><a href=\"https:\/\/www.salta.gob.ar\/public\/images\/noticias\/contenidos\/3146-el-destino-salta-estuvo-presente-en-fiexpo-latin-america-2022.jpg\"><img decoding=\"async\" src=\"https:\/\/www.salta.gob.ar\/public\/images\/noticias\/contenidos\/3146-el-destino-salta-estuvo-presente-en-fiexpo-latin-america-2022.jpg\" alt=\"El Destino Salta estuvo presente en Fiexpo Latin Am\u00e9rica 2022.\"\/><\/a><\/figure>\n\n\n\n<p>Las primeras jornadas, 13 y 14 de junio, estuvieron dedicadas al desarrollo de foros y capacitaciones con destacados referentes internacionales.En estos d\u00edas, Salta particip\u00f3 de actividades vinculadas a temas relevantes que tienden a profesionalizar la industria, compartiendo tendencias del sector para el desarrollo de m\u00e1s y mejores herramientas para que el turismo de reuniones de los destinos impacte positivamente en materia econ\u00f3mica y social.&nbsp;<\/p>\n\n\n\n<p>La actividad de formaci\u00f3n m\u00e1s destacada fue el One Day Challenge, un espacio de intercambio de conocimientos y experiencias donde se abordaron tem\u00e1ticas de relevancia para los destinos como la sostenibilidad. Alli, las representantes de la provincia compartieron y promocionaron el trabajo que se realiza en el destino Salta, haciendo especial hincapi\u00e9 en la tendencia general y necesidad real de cocrear una estrategia de turismo sostenible, resaltando la manera en que el sector de los eventos hace su aporte desde la implementaci\u00f3n de buenas pr\u00e1cticas que se alinean a los valores medioambientales de la provincia.<\/p>\n\n\n\n<p>El 15 y 16 de junio se realiz\u00f3 la Feria Comercial y sesiones de negocios, donde Salta mantuvo reuniones con operadores tur\u00edsticos, asociaciones, representantes de empresas, agencias de viaje y de incentivo de latinoam\u00e9rica para coordinar el posible desarrollo de actividades en nuestra provincia relacionadas al Turismo de Reuniones, viajes de incentivo, congresos y convenciones.<\/p>\n\n\n\n<p>Al final de la primera jornada comercial el Embajador de Argentina en Panam\u00e1, Marcelo Lucco, ofreci\u00f3 un coctel al Destino Argentina donde Salta particip\u00f3 activamente.<\/p>\n\n\n\n<p>Gabriela Soldano y Andrea Pieve tambi\u00e9n invitaron a los visitantes a conocer nuestro destino y mostraron la oferta del Centro de Convenciones de Salta para el desarrollo de congresos nacionales e internacionales en los pr\u00f3ximos 5 a\u00f1os.<br>&nbsp;<\/p>\n\n\n\n<hr class=\"wp-block-separator has-alpha-channel-opacity\"\/>\n\n\n\n<p>Fuente:\u00a0<strong><a href=\"https:\/\/www.salta.gob.ar\/prensa\/noticias\/el-destino-salta-estuvo-presente-en-fiexpo-latin-america-2022-83082\" target=\"_blank\" rel=\"noreferrer noopener\">Secretar\u00eda de Prensa y Comunicaci\u00f3n<\/a><\/strong><\/p>\n","protected":false},"excerpt":{"rendered":"<p>La feria, que se llev\u00f3 a cabo en Panam\u00e1 del 13 al 17 de junio, facilita el contacto entre destinos y proveedores de la Industria de Reuniones con compradores del mundo. A trav\u00e9s de Inprotur Salta y dentro de su programa de Ferias Internacionales para la promoci\u00f3n de destinos a nivel internacional, Salta particip\u00f3 en&nbsp;Fiexpo [&hellip;]<\/p>\n","protected":false},"author":2,"featured_media":947,"comment_status":"open","ping_status":"open","sticky":false,"template":"","format":"standard","meta":{"tdm_status":"","tdm_grid_status":"","footnotes":""},"categories":[16],"tags":[],"class_list":{"0":"post-946","1":"post","2":"type-post","3":"status-publish","4":"format-standard","5":"has-post-thumbnail","7":"category-ferias-y-congresos"},"_links":{"self":[{"href":"https:\/\/circuitosalta.com.ar\/index.php?rest_route=\/wp\/v2\/posts\/946"}],"collection":[{"href":"https:\/\/circuitosalta.com.ar\/index.php?rest_route=\/wp\/v2\/posts"}],"about":[{"href":"https:\/\/circuitosalta.com.ar\/index.php?rest_route=\/wp\/v2\/types\/post"}],"author":[{"embeddable":true,"href":"https:\/\/circuitosalta.com.ar\/index.php?rest_route=\/wp\/v2\/users\/2"}],"replies":[{"embeddable":true,"href":"https:\/\/circuitosalta.com.ar\/index.php?rest_route=%2Fwp%2Fv2%2Fcomments&post=946"}],"version-history":[{"count":1,"href":"https:\/\/circuitosalta.com.ar\/index.php?rest_route=\/wp\/v2\/posts\/946\/revisions"}],"predecessor-version":[{"id":948,"href":"https:\/\/circuitosalta.com.ar\/index.php?rest_route=\/wp\/v2\/posts\/946\/revisions\/948"}],"wp:featuredmedia":[{"embeddable":true,"href":"https:\/\/circuitosalta.com.ar\/index.php?rest_route=\/wp\/v2\/media\/947"}],"wp:attachment":[{"href":"https:\/\/circuitosalta.com.ar\/index.php?rest_route=%2Fwp%2Fv2%2Fmedia&parent=946"}],"wp:term":[{"taxonomy":"category","embeddable":true,"href":"https:\/\/circuitosalta.com.ar\/index.php?rest_route=%2Fwp%2Fv2%2Fcategories&post=946"},{"taxonomy":"post_tag","embeddable":true,"href":"https:\/\/circuitosalta.com.ar\/index.php?rest_route=%2Fwp%2Fv2%2Ftags&post=946"}],"curies":[{"name":"wp","href":"https:\/\/api.w.org\/{rel}","templated":true}]}}