{"id":964,"date":"2022-06-23T20:14:00","date_gmt":"2022-06-23T23:14:00","guid":{"rendered":"https:\/\/circuitosalta.com.ar\/?p=964"},"modified":"2022-06-23T20:14:02","modified_gmt":"2022-06-23T23:14:02","slug":"la-omt-y-la-oms-crearan-una-coalicion-de-salud-y-turismo","status":"publish","type":"post","link":"https:\/\/circuitosalta.com.ar\/?p=964","title":{"rendered":"La OMT y la OMS crear\u00e1n una coalicion de salud y turismo"},"content":{"rendered":"\n<h3 class=\"has-white-color has-text-color has-background wp-block-heading\" style=\"background-color:#054469\"><em>La OMT colaborar\u00e1 con la Oficina Regional de la OMS para Europa (OMS\/Europa) para reforzar los v\u00ednculos entre el turismo y la salud p\u00fablica en los Estados m\u00e1s peque\u00f1os de Europa.<\/em><\/h3>\n\n\n\n<p>La pandemia de COVID-19 ha demostrado la importancia de fomentar la sostenibilidad y la resiliencia tanto en las econom\u00edas como en los sistemas de salud p\u00fablica. Teniendo en cuenta las lecciones de la crisis, las dos agencias de la ONU seguir\u00e1n desarrollando su colaboraci\u00f3n y reforzando la cooperaci\u00f3n. En la&nbsp;<a href=\"https:\/\/www.who.int\/europe\/news-room\/events\/item\/2022\/06\/02\/default-calendar\/eighth-high-level-meeting-of-the-small-countries-initiative--towards-better-health-and-well-being-in-small-countries-of-the-who-european-region#:~:text=Established%20in%202013%2C%20the%20Small,achieve%20their%20common%20health%20objectives\">octava reuni\u00f3n de alto nivel<\/a>&nbsp;de la&nbsp;<a href=\"https:\/\/www.who.int\/europe\/initiatives\/small-countries-initiative\">Iniciativa OMS\/Europa para los Pa\u00edses Peque\u00f1os<\/a>&nbsp;<a href=\"https:\/\/www.who.int\/europe\/initiatives\/small-countries-initiative\">(SCI)<\/a>, celebrada en Be\u010di\u0107i (Montenegro), la OMT expuso los argumentos para promover la salud y el turismo sostenible en los pa\u00edses peque\u00f1os, entre los que se encuentran los 11 pa\u00edses europeos con menos de 2 millones de habitantes.<\/p>\n\n\n\n<p>El secretario general de la OMT, Zurab Pololikashvili, declar\u00f3 en la reuni\u00f3n: \u00abCOVID-19 demostr\u00f3 que cualquier crisis que amenace la salud, la seguridad y la protecci\u00f3n de las personas, las comunidades y el medio ambiente es tambi\u00e9n un riesgo para el propio turismo. Conf\u00edo en que una s\u00f3lida cooperaci\u00f3n a todos los niveles situar\u00e1 la salud en un lugar destacado de la agenda tur\u00edstica. Esto har\u00e1 que los turistas est\u00e9n sanos, las comunidades sanas, el medio ambiente sano y las econom\u00edas sanas para las generaciones actuales y futuras\u00bb.<\/p>\n\n\n\n<h2 class=\"wp-block-heading\"><strong>Declaraci\u00f3n de Montenegro sobre salud y turismo<\/strong><\/h2>\n\n\n\n<p class=\"has-text-align-center has-vivid-cyan-blue-color has-text-color\"><strong><em>La pandemia de COVID-19 ha demostrado la importancia de fomentar la sostenibilidad y la resiliencia tanto en las econom\u00edas como en los sistemas de salud p\u00fablica<\/em><\/strong><\/p>\n\n\n\n<p>Organizado en torno al lema \u00abHacia una mejor salud y bienestar en los pa\u00edses peque\u00f1os de la Regi\u00f3n Europea de la OMS\u00bb, el evento ministerial se centr\u00f3 en dos cuestiones que ocupan actualmente un lugar destacado en la agenda de los pa\u00edses peque\u00f1os, a saber, las emergencias (prevenci\u00f3n a largo plazo, preparaci\u00f3n del sistema sanitario, respuesta y recuperaci\u00f3n) y el desarrollo de un turismo saludable y sostenible.\u00a0Con motivo de la reuni\u00f3n, se present\u00f3 la \u00ab<a href=\"https:\/\/www.who.int\/europe\/publications\/i\/item\/roadmap-towards-better-health-in-small-countries-in-the-who-european-region--2022-2025\" target=\"_blank\" rel=\"noreferrer noopener\">Hoja de ruta para mejorar la salud en los pa\u00edses peque\u00f1os de la regi\u00f3n europea de la OMS 2022-2025<\/a>\u00bb y se adopt\u00f3 por unanimidad la \u00abDeclaraci\u00f3n de Montenegro\u00bb.\u00a0<\/p>\n\n\n\n<p>La \u00abDeclaraci\u00f3n de Montenegro\u00bb reconoce que la salud y el turismo est\u00e1n profundamente interconectados en el mundo globalizado, y que la reapertura de los viajes y el turismo es crucial para la recuperaci\u00f3n econ\u00f3mica, el empleo y los medios de vida en los pa\u00edses peque\u00f1os. Destaca que es necesaria la cooperaci\u00f3n y la colaboraci\u00f3n, y acoge con satisfacci\u00f3n y apoya la creaci\u00f3n de una coalici\u00f3n de socios en materia de salud y turismo, coordinada conjuntamente por la Oficina Regional de la OMS para Europa y la OMT, con el fin de elaborar las pruebas de las medidas pol\u00edticas y facilitar el di\u00e1logo entre pa\u00edses.<\/p>\n\n\n\n<h2 class=\"wp-block-heading\"><strong>Colaboraci\u00f3n desde hace tiempo&nbsp;<\/strong><\/h2>\n\n\n\n<p>La OMT y la OMS han mantenido una coordinaci\u00f3n peri\u00f3dica desde el estallido de la pandemia y la OMS ha participado en el Comit\u00e9 Mundial de Crisis para el Turismo, creado en marzo de 2020 para orientar al sector tur\u00edstico y formular una respuesta sectorial al reto sin precedentes de la pandemia de COVID-19 y reanudar el turismo con decisiones basadas en datos y datos cient\u00edficos.<\/p>\n\n\n\n<figure class=\"wp-block-image size-large\"><a href=\"https:\/\/www.unwto.org\/es\/news\/la-omt-y-la-oms-crear%C3%A1n-una-coalicion-de-salud-y-turismo\" target=\"_blank\" rel=\"noreferrer noopener\"><img fetchpriority=\"high\" decoding=\"async\" width=\"1024\" height=\"89\" src=\"https:\/\/circuitosalta.com.ar\/wp-content\/uploads\/2022\/03\/omt-Noticias-1024x89.jpg\" alt=\"\" class=\"wp-image-290\" srcset=\"https:\/\/circuitosalta.com.ar\/wp-content\/uploads\/2022\/03\/omt-Noticias-1024x89.jpg 1024w, https:\/\/circuitosalta.com.ar\/wp-content\/uploads\/2022\/03\/omt-Noticias-300x26.jpg 300w, https:\/\/circuitosalta.com.ar\/wp-content\/uploads\/2022\/03\/omt-Noticias-768x67.jpg 768w, https:\/\/circuitosalta.com.ar\/wp-content\/uploads\/2022\/03\/omt-Noticias-1536x133.jpg 1536w, https:\/\/circuitosalta.com.ar\/wp-content\/uploads\/2022\/03\/omt-Noticias-696x60.jpg 696w, https:\/\/circuitosalta.com.ar\/wp-content\/uploads\/2022\/03\/omt-Noticias-1068x93.jpg 1068w, https:\/\/circuitosalta.com.ar\/wp-content\/uploads\/2022\/03\/omt-Noticias.jpg 1568w\" sizes=\"(max-width: 1024px) 100vw, 1024px\" \/><\/a><\/figure>\n","protected":false},"excerpt":{"rendered":"<p>La OMT colaborar\u00e1 con la Oficina Regional de la OMS para Europa (OMS\/Europa) para reforzar los v\u00ednculos entre el turismo y la salud p\u00fablica en los Estados m\u00e1s peque\u00f1os de Europa. La pandemia de COVID-19 ha demostrado la importancia de fomentar la sostenibilidad y la resiliencia tanto en las econom\u00edas como en los sistemas de [&hellip;]<\/p>\n","protected":false},"author":2,"featured_media":965,"comment_status":"open","ping_status":"open","sticky":false,"template":"","format":"standard","meta":{"tdm_status":"","tdm_grid_status":"","footnotes":""},"categories":[14,22],"tags":[],"class_list":{"0":"post-964","1":"post","2":"type-post","3":"status-publish","4":"format-standard","5":"has-post-thumbnail","7":"category-anuncios","8":"category-internacional"},"_links":{"self":[{"href":"https:\/\/circuitosalta.com.ar\/index.php?rest_route=\/wp\/v2\/posts\/964"}],"collection":[{"href":"https:\/\/circuitosalta.com.ar\/index.php?rest_route=\/wp\/v2\/posts"}],"about":[{"href":"https:\/\/circuitosalta.com.ar\/index.php?rest_route=\/wp\/v2\/types\/post"}],"author":[{"embeddable":true,"href":"https:\/\/circuitosalta.com.ar\/index.php?rest_route=\/wp\/v2\/users\/2"}],"replies":[{"embeddable":true,"href":"https:\/\/circuitosalta.com.ar\/index.php?rest_route=%2Fwp%2Fv2%2Fcomments&post=964"}],"version-history":[{"count":1,"href":"https:\/\/circuitosalta.com.ar\/index.php?rest_route=\/wp\/v2\/posts\/964\/revisions"}],"predecessor-version":[{"id":966,"href":"https:\/\/circuitosalta.com.ar\/index.php?rest_route=\/wp\/v2\/posts\/964\/revisions\/966"}],"wp:featuredmedia":[{"embeddable":true,"href":"https:\/\/circuitosalta.com.ar\/index.php?rest_route=\/wp\/v2\/media\/965"}],"wp:attachment":[{"href":"https:\/\/circuitosalta.com.ar\/index.php?rest_route=%2Fwp%2Fv2%2Fmedia&parent=964"}],"wp:term":[{"taxonomy":"category","embeddable":true,"href":"https:\/\/circuitosalta.com.ar\/index.php?rest_route=%2Fwp%2Fv2%2Fcategories&post=964"},{"taxonomy":"post_tag","embeddable":true,"href":"https:\/\/circuitosalta.com.ar\/index.php?rest_route=%2Fwp%2Fv2%2Ftags&post=964"}],"curies":[{"name":"wp","href":"https:\/\/api.w.org\/{rel}","templated":true}]}}