{"id":968,"date":"2022-06-26T21:21:06","date_gmt":"2022-06-27T00:21:06","guid":{"rendered":"https:\/\/circuitosalta.com.ar\/?p=968"},"modified":"2022-06-26T21:21:08","modified_gmt":"2022-06-27T00:21:08","slug":"salta-fortalece-su-presencia-en-el-mercado-turistico-brasilero","status":"publish","type":"post","link":"https:\/\/circuitosalta.com.ar\/?p=968","title":{"rendered":"Salta fortalece su presencia en el mercado tur\u00edstico brasilero"},"content":{"rendered":"\n<h5 class=\"has-white-color has-text-color has-background wp-block-heading\" style=\"background-color:#770220\">En el marco de una estrategia tur\u00edstico comercial enfocada en recuperar los niveles de arribos de los turistas internacionales, el Gobierno provincial particip\u00f3 de una acci\u00f3n promocional realizada en San Pablo, Brasil.<\/h5>\n\n\n\n<p>En un trabajo conjunto entre los gobiernos provincial y nacional, Salta contin\u00faa desplegando acciones de promoci\u00f3n en el mercado brasilero, sin dudas uno de los m\u00e1s importantes de Sudam\u00e9rica, con el objetivo de potenciar la llegada de turistas internacionales. Cabe destacar que a partir de julio estar\u00e1 operativa una ruta a\u00e9rea que conectar\u00e1 de forma directa a Brasil con la Provincia y todo el Norte Argentino.<\/p>\n\n\n\n<p>La acci\u00f3n organizada por Aerol\u00edneas Argentinas, Inprotur y el Consulado argentino en Brasil, reuni\u00f3 a un n\u00famero importante de operadores comerciales, agentes de viajes y otros actores de la cadena de comercializaci\u00f3n y promoci\u00f3n tur\u00edstica del vecino pa\u00eds.<\/p>\n\n\n\n<p>\u201cEl mercado brasilero para el turismo de Salta es prioritario y debemos potenciar los efectos que se generen con la puesta en marcha de esta ruta a\u00e9rea que comenzar\u00e1 a funcionar a partir del 4 julio y ser\u00e1 una herramienta estrat\u00e9gica para seguir dando a conocer al mundo la experiencia salta\u201d, indic\u00f3 la Presidenta del Instituto de Promoci\u00f3n Tur\u00edstica de Salta\u00a0<strong>Manuela Arancibia<\/strong>.<\/p>\n\n\n\n<p>Salta fue protagonista del encuentro a trav\u00e9s de la gastronom\u00eda y de la mano de&nbsp;<strong>Gloria Aguirre<\/strong>, primera campeona provincial del concurso de la empanada salte\u00f1a, quien llev\u00f3 en sus manos los sabores de este producto ic\u00f3nico que representa mucho m\u00e1s que un plato tradicional. La m\u00fasica salte\u00f1a tambi\u00e9n estuvo presente gracias a la presentaci\u00f3n de la artista&nbsp;<strong>Virginia Ojeda<\/strong>.<\/p>\n\n\n<div class=\"wp-block-image\">\n<figure class=\"alignleft size-large is-resized\"><img decoding=\"async\" src=\"https:\/\/www.salta.gob.ar\/public\/images\/noticias\/contenidos\/3212-salta-fortalece-su-presencia-en-el-mercado-turistico-brasilero-20220624124523.jpg\" alt=\"\" width=\"212\" height=\"141\"\/><\/figure><\/div>\n\n\n<p><strong>Emilio Deferrar<\/strong>i, representante del Salta Convention Bureau, destac\u00f3 la infraestructura tur\u00edstica con la que la provincia cuenta para recibir a diferentes encuentros, convenciones y actividades vinculadas al turismo de reuniones.<\/p>\n\n\n\n<p>Del encuentro participaron Luis Mar\u00eda Kreckler C\u00f3nsul General de la Argentina en Brasil, Fabi\u00e1n Lombardo director comercial de Aerol\u00edneas Argentinas, el presidente del Ente Tucum\u00e1n Turismo y del Consejo Federal de Turismo Sebasti\u00e1n Giobellina y autoridades de Tierra del Fuego, entre otros.<\/p>\n\n\n\n<figure class=\"wp-block-gallery has-nested-images columns-default is-cropped wp-block-gallery-1 is-layout-flex wp-block-gallery-is-layout-flex\">\n<figure class=\"wp-block-image size-large\"><img fetchpriority=\"high\" decoding=\"async\" width=\"899\" height=\"600\" data-id=\"969\" src=\"https:\/\/circuitosalta.com.ar\/wp-content\/uploads\/2022\/06\/888-salta-fortalece-su-presencia-en-el-mercado-turistico-brasilero.jpeg\" alt=\"\" class=\"wp-image-969\" srcset=\"https:\/\/circuitosalta.com.ar\/wp-content\/uploads\/2022\/06\/888-salta-fortalece-su-presencia-en-el-mercado-turistico-brasilero.jpeg 899w, https:\/\/circuitosalta.com.ar\/wp-content\/uploads\/2022\/06\/888-salta-fortalece-su-presencia-en-el-mercado-turistico-brasilero-300x200.jpeg 300w, https:\/\/circuitosalta.com.ar\/wp-content\/uploads\/2022\/06\/888-salta-fortalece-su-presencia-en-el-mercado-turistico-brasilero-768x513.jpeg 768w, https:\/\/circuitosalta.com.ar\/wp-content\/uploads\/2022\/06\/888-salta-fortalece-su-presencia-en-el-mercado-turistico-brasilero-696x465.jpeg 696w, https:\/\/circuitosalta.com.ar\/wp-content\/uploads\/2022\/06\/888-salta-fortalece-su-presencia-en-el-mercado-turistico-brasilero-629x420.jpeg 629w\" sizes=\"(max-width: 899px) 100vw, 899px\" \/><\/figure>\n\n\n\n<figure class=\"wp-block-image size-large\"><img decoding=\"async\" width=\"899\" height=\"600\" data-id=\"970\" src=\"https:\/\/circuitosalta.com.ar\/wp-content\/uploads\/2022\/06\/885-salta-fortalece-su-presencia-en-el-mercado-turistico-brasilero.jpg\" alt=\"\" class=\"wp-image-970\" srcset=\"https:\/\/circuitosalta.com.ar\/wp-content\/uploads\/2022\/06\/885-salta-fortalece-su-presencia-en-el-mercado-turistico-brasilero.jpg 899w, https:\/\/circuitosalta.com.ar\/wp-content\/uploads\/2022\/06\/885-salta-fortalece-su-presencia-en-el-mercado-turistico-brasilero-300x200.jpg 300w, https:\/\/circuitosalta.com.ar\/wp-content\/uploads\/2022\/06\/885-salta-fortalece-su-presencia-en-el-mercado-turistico-brasilero-768x513.jpg 768w, https:\/\/circuitosalta.com.ar\/wp-content\/uploads\/2022\/06\/885-salta-fortalece-su-presencia-en-el-mercado-turistico-brasilero-696x465.jpg 696w, https:\/\/circuitosalta.com.ar\/wp-content\/uploads\/2022\/06\/885-salta-fortalece-su-presencia-en-el-mercado-turistico-brasilero-629x420.jpg 629w\" sizes=\"(max-width: 899px) 100vw, 899px\" \/><\/figure>\n\n\n\n<figure class=\"wp-block-image size-large\"><img loading=\"lazy\" decoding=\"async\" width=\"560\" height=\"373\" data-id=\"971\" src=\"https:\/\/circuitosalta.com.ar\/wp-content\/uploads\/2022\/06\/83203-salta-fortalece-su-presencia-en-el-mercado-turistico-brasilero.jpg\" alt=\"\" class=\"wp-image-971\" srcset=\"https:\/\/circuitosalta.com.ar\/wp-content\/uploads\/2022\/06\/83203-salta-fortalece-su-presencia-en-el-mercado-turistico-brasilero.jpg 560w, https:\/\/circuitosalta.com.ar\/wp-content\/uploads\/2022\/06\/83203-salta-fortalece-su-presencia-en-el-mercado-turistico-brasilero-300x200.jpg 300w\" sizes=\"(max-width: 560px) 100vw, 560px\" \/><\/figure>\n<\/figure>\n","protected":false},"excerpt":{"rendered":"<p>En el marco de una estrategia tur\u00edstico comercial enfocada en recuperar los niveles de arribos de los turistas internacionales, el Gobierno provincial particip\u00f3 de una acci\u00f3n promocional realizada en San Pablo, Brasil. En un trabajo conjunto entre los gobiernos provincial y nacional, Salta contin\u00faa desplegando acciones de promoci\u00f3n en el mercado brasilero, sin dudas uno [&hellip;]<\/p>\n","protected":false},"author":2,"featured_media":971,"comment_status":"open","ping_status":"open","sticky":false,"template":"","format":"standard","meta":{"tdm_status":"","tdm_grid_status":"","footnotes":""},"categories":[22],"tags":[],"class_list":{"0":"post-968","1":"post","2":"type-post","3":"status-publish","4":"format-standard","5":"has-post-thumbnail","7":"category-internacional"},"_links":{"self":[{"href":"https:\/\/circuitosalta.com.ar\/index.php?rest_route=\/wp\/v2\/posts\/968"}],"collection":[{"href":"https:\/\/circuitosalta.com.ar\/index.php?rest_route=\/wp\/v2\/posts"}],"about":[{"href":"https:\/\/circuitosalta.com.ar\/index.php?rest_route=\/wp\/v2\/types\/post"}],"author":[{"embeddable":true,"href":"https:\/\/circuitosalta.com.ar\/index.php?rest_route=\/wp\/v2\/users\/2"}],"replies":[{"embeddable":true,"href":"https:\/\/circuitosalta.com.ar\/index.php?rest_route=%2Fwp%2Fv2%2Fcomments&post=968"}],"version-history":[{"count":1,"href":"https:\/\/circuitosalta.com.ar\/index.php?rest_route=\/wp\/v2\/posts\/968\/revisions"}],"predecessor-version":[{"id":972,"href":"https:\/\/circuitosalta.com.ar\/index.php?rest_route=\/wp\/v2\/posts\/968\/revisions\/972"}],"wp:featuredmedia":[{"embeddable":true,"href":"https:\/\/circuitosalta.com.ar\/index.php?rest_route=\/wp\/v2\/media\/971"}],"wp:attachment":[{"href":"https:\/\/circuitosalta.com.ar\/index.php?rest_route=%2Fwp%2Fv2%2Fmedia&parent=968"}],"wp:term":[{"taxonomy":"category","embeddable":true,"href":"https:\/\/circuitosalta.com.ar\/index.php?rest_route=%2Fwp%2Fv2%2Fcategories&post=968"},{"taxonomy":"post_tag","embeddable":true,"href":"https:\/\/circuitosalta.com.ar\/index.php?rest_route=%2Fwp%2Fv2%2Ftags&post=968"}],"curies":[{"name":"wp","href":"https:\/\/api.w.org\/{rel}","templated":true}]}}