{"id":988,"date":"2022-06-29T10:38:38","date_gmt":"2022-06-29T13:38:38","guid":{"rendered":"https:\/\/circuitosalta.com.ar\/?p=988"},"modified":"2022-06-29T10:42:45","modified_gmt":"2022-06-29T13:42:45","slug":"sean-mensajeros-de-esperanza-papa-francisco-en-la-primera-cumbre-mundial-de-jovenes-sobre-turismo-de-la-omt","status":"publish","type":"post","link":"https:\/\/circuitosalta.com.ar\/?p=988","title":{"rendered":"\u201cSean mensajeros de esperanza\u201d: Papa Francisco en la primera cumbre mundial de jovenes sobre turismo de la OMT"},"content":{"rendered":"\n<h4 class=\"has-white-color has-text-color has-background wp-block-heading\" style=\"background-color:#022c44\"><em>Su santidad el Papa Francisco ha enviado un hist\u00f3rico mensaje de apoyo a la primera Cumbre Mundial de J\u00f3venes sobre Turismo de la OMT.<\/em><\/h4>\n\n\n\n<p>En el arranque de la Cumbre en Sorrento (Italia), Su Santidad hizo un llamamiento a los j\u00f3venes participantes de forma que aprovechen al m\u00e1ximo esta oportunidad \u00fanica para conseguir el conocimiento y las habilidades necesarias para&nbsp;<strong>construir un futuro mejor para el turismo<\/strong>&nbsp;y sus comunidades de origen.<\/p>\n\n\n\n<p>\u00abLas experiencias que vais a adquirir [en Sorrento] quedar\u00e1n grabadas en vuestra memoria\u00bb, dijo el Papa Francisco. \u00abAs\u00ed crecer\u00e9is y estar\u00e9is preparados para asumir papeles m\u00e1s relevantes. Deseo que se\u00e1is mensajeros de esperanza y de renacimiento para el futuro. Os env\u00edo mis bendiciones y mis saludos\u00bb.<\/p>\n\n\n\n<figure class=\"wp-block-embed is-type-video is-provider-youtube wp-block-embed-youtube wp-embed-aspect-16-9 wp-has-aspect-ratio\"><div class=\"wp-block-embed__wrapper\">\n<iframe title=\"Global Youth Tourism Summit - Video Message of His Holiness Pope Francis\" width=\"696\" height=\"392\" src=\"https:\/\/www.youtube.com\/embed\/Wyc8sYg6JXc?feature=oembed\" frameborder=\"0\" allow=\"accelerometer; autoplay; clipboard-write; encrypted-media; gyroscope; picture-in-picture\" allowfullscreen><\/iframe>\n<\/div><\/figure>\n\n\n\n<p>Su Santidad tambi\u00e9n ha agradecido el compromiso de los j\u00f3venes participantes con la paz y la solidaridad. En la Cumbre, que representa una primicia hist\u00f3rica para el sector y para la OMT pues da prioridad a la capacitaci\u00f3n de los j\u00f3venes y a la educaci\u00f3n y formaci\u00f3n, unos&nbsp;<strong>130 estudiantes de 60 pa\u00edses<\/strong>&nbsp;participan en talleres, debates y discusiones. Los participantes tienen edades comprendidas entre los 12 y los 18 a\u00f1os e incluyen una delegaci\u00f3n de Ucrania.<\/p>\n\n\n\n<h1 class=\"wp-block-heading\">Empoderando a la juventud mundial<\/h1>\n\n\n<div class=\"wp-block-image\">\n<figure class=\"alignright size-full is-resized\"><img fetchpriority=\"high\" decoding=\"async\" src=\"https:\/\/circuitosalta.com.ar\/wp-content\/uploads\/2022\/06\/Captura-web_29-6-2022_103140_www.unwto_.org_.jpeg\" alt=\"\" class=\"wp-image-989\" width=\"403\" height=\"270\" srcset=\"https:\/\/circuitosalta.com.ar\/wp-content\/uploads\/2022\/06\/Captura-web_29-6-2022_103140_www.unwto_.org_.jpeg 670w, https:\/\/circuitosalta.com.ar\/wp-content\/uploads\/2022\/06\/Captura-web_29-6-2022_103140_www.unwto_.org_-300x201.jpeg 300w, https:\/\/circuitosalta.com.ar\/wp-content\/uploads\/2022\/06\/Captura-web_29-6-2022_103140_www.unwto_.org_-627x420.jpeg 627w\" sizes=\"(max-width: 403px) 100vw, 403px\" \/><\/figure><\/div>\n\n\n<p>El Secretario General de la OMT, Zurab Pololikashvili, ha afirmado: \u00abLa Cumbre Mundial de J\u00f3venes sobre Turismo celebra y promueve el papel que la juventud desempe\u00f1ar\u00e1 en la configuraci\u00f3n de nuestro sector en los pr\u00f3ximos a\u00f1os. Al proporcionarles los conocimientos y las herramientas que necesitan para liderar el progreso del sector, se capacita a los participantes para seguir las palabras de bienvenida del Papa Francisco y convertirse en embajadores del turismo por la paz y la solidaridad.\u00bb<\/p>\n\n\n\n<p>La OMT mantiene una larga y productiva relaci\u00f3n con la Santa Sede, que posee estatus de observador en la Organizaci\u00f3n desde 1975. En 2019, el Secretario General Pololikashvili realiz\u00f3 una visita oficial al Vaticano para reunirse con el Papa Francisco, aprovechando la ocasi\u00f3n para destacar el papel esencial del turismo en la erradicaci\u00f3n de la pobreza y la promoci\u00f3n de la paz.<\/p>\n\n\n\n<p>La primera Cumbre Mundial de J\u00f3venes sobre Turismo contar\u00e1 tambi\u00e9n con el apoyo y la participaci\u00f3n de varios embajadores de la OMT, as\u00ed como de destacadas personalidades del sector, incluidos ministros de todas las regiones del mundo. Durante el evento, de una semana de duraci\u00f3n, se realizar\u00e1 tambi\u00e9n un simulacro de Asamblea General de la OMT que permitir\u00e1 a los j\u00f3venes debatir sobre el turismo y discutir las propuestas innovadoras para el futuro del sector en el marco global de la&nbsp;<strong>Agenda 2030 de la ONU<\/strong>&nbsp;y los&nbsp;<strong>17 Objetivos de Desarrollo Sostenible&nbsp;<\/strong>(ODS).<\/p>\n\n\n\n<figure class=\"wp-block-gallery has-nested-images columns-default is-cropped wp-block-gallery-1 is-layout-flex wp-block-gallery-is-layout-flex\">\n<figure class=\"wp-block-image size-large\"><img decoding=\"async\" width=\"800\" height=\"600\" data-id=\"990\" src=\"https:\/\/circuitosalta.com.ar\/wp-content\/uploads\/2022\/06\/03-pope-francis-addresses-global-youth-tourism-summit.jpg\" alt=\"\" class=\"wp-image-990\" srcset=\"https:\/\/circuitosalta.com.ar\/wp-content\/uploads\/2022\/06\/03-pope-francis-addresses-global-youth-tourism-summit.jpg 800w, https:\/\/circuitosalta.com.ar\/wp-content\/uploads\/2022\/06\/03-pope-francis-addresses-global-youth-tourism-summit-300x225.jpg 300w, https:\/\/circuitosalta.com.ar\/wp-content\/uploads\/2022\/06\/03-pope-francis-addresses-global-youth-tourism-summit-768x576.jpg 768w, https:\/\/circuitosalta.com.ar\/wp-content\/uploads\/2022\/06\/03-pope-francis-addresses-global-youth-tourism-summit-696x522.jpg 696w, https:\/\/circuitosalta.com.ar\/wp-content\/uploads\/2022\/06\/03-pope-francis-addresses-global-youth-tourism-summit-560x420.jpg 560w, https:\/\/circuitosalta.com.ar\/wp-content\/uploads\/2022\/06\/03-pope-francis-addresses-global-youth-tourism-summit-80x60.jpg 80w, https:\/\/circuitosalta.com.ar\/wp-content\/uploads\/2022\/06\/03-pope-francis-addresses-global-youth-tourism-summit-265x198.jpg 265w\" sizes=\"(max-width: 800px) 100vw, 800px\" \/><\/figure>\n\n\n\n<figure class=\"wp-block-image size-large\"><img decoding=\"async\" width=\"800\" height=\"600\" data-id=\"991\" src=\"https:\/\/circuitosalta.com.ar\/wp-content\/uploads\/2022\/06\/04-pope-francis-addresses-global-youth-tourism-summit.jpg\" alt=\"\" class=\"wp-image-991\" srcset=\"https:\/\/circuitosalta.com.ar\/wp-content\/uploads\/2022\/06\/04-pope-francis-addresses-global-youth-tourism-summit.jpg 800w, https:\/\/circuitosalta.com.ar\/wp-content\/uploads\/2022\/06\/04-pope-francis-addresses-global-youth-tourism-summit-300x225.jpg 300w, https:\/\/circuitosalta.com.ar\/wp-content\/uploads\/2022\/06\/04-pope-francis-addresses-global-youth-tourism-summit-768x576.jpg 768w, https:\/\/circuitosalta.com.ar\/wp-content\/uploads\/2022\/06\/04-pope-francis-addresses-global-youth-tourism-summit-696x522.jpg 696w, https:\/\/circuitosalta.com.ar\/wp-content\/uploads\/2022\/06\/04-pope-francis-addresses-global-youth-tourism-summit-560x420.jpg 560w, https:\/\/circuitosalta.com.ar\/wp-content\/uploads\/2022\/06\/04-pope-francis-addresses-global-youth-tourism-summit-80x60.jpg 80w, https:\/\/circuitosalta.com.ar\/wp-content\/uploads\/2022\/06\/04-pope-francis-addresses-global-youth-tourism-summit-265x198.jpg 265w\" sizes=\"(max-width: 800px) 100vw, 800px\" \/><\/figure>\n\n\n\n<figure class=\"wp-block-image size-large\"><img loading=\"lazy\" decoding=\"async\" width=\"800\" height=\"600\" data-id=\"992\" src=\"https:\/\/circuitosalta.com.ar\/wp-content\/uploads\/2022\/06\/05-pope-francis-addresses-global-youth-tourism-summit.jpg\" alt=\"\" class=\"wp-image-992\" srcset=\"https:\/\/circuitosalta.com.ar\/wp-content\/uploads\/2022\/06\/05-pope-francis-addresses-global-youth-tourism-summit.jpg 800w, https:\/\/circuitosalta.com.ar\/wp-content\/uploads\/2022\/06\/05-pope-francis-addresses-global-youth-tourism-summit-300x225.jpg 300w, https:\/\/circuitosalta.com.ar\/wp-content\/uploads\/2022\/06\/05-pope-francis-addresses-global-youth-tourism-summit-768x576.jpg 768w, https:\/\/circuitosalta.com.ar\/wp-content\/uploads\/2022\/06\/05-pope-francis-addresses-global-youth-tourism-summit-696x522.jpg 696w, https:\/\/circuitosalta.com.ar\/wp-content\/uploads\/2022\/06\/05-pope-francis-addresses-global-youth-tourism-summit-560x420.jpg 560w, https:\/\/circuitosalta.com.ar\/wp-content\/uploads\/2022\/06\/05-pope-francis-addresses-global-youth-tourism-summit-80x60.jpg 80w, https:\/\/circuitosalta.com.ar\/wp-content\/uploads\/2022\/06\/05-pope-francis-addresses-global-youth-tourism-summit-265x198.jpg 265w\" sizes=\"(max-width: 800px) 100vw, 800px\" \/><\/figure>\n<\/figure>\n\n\n\n<figure class=\"wp-block-image size-large\"><a href=\"https:\/\/www.unwto.org\/es\/news\/papa-francisco-en-la-primera-cumbre-mundial-de-jovenes-sobre-turismo-de-la-omt\" target=\"_blank\" rel=\"noreferrer noopener\"><img loading=\"lazy\" decoding=\"async\" width=\"1024\" height=\"89\" src=\"https:\/\/circuitosalta.com.ar\/wp-content\/uploads\/2022\/03\/omt-Noticias-1024x89.jpg\" alt=\"\" class=\"wp-image-290\" srcset=\"https:\/\/circuitosalta.com.ar\/wp-content\/uploads\/2022\/03\/omt-Noticias-1024x89.jpg 1024w, https:\/\/circuitosalta.com.ar\/wp-content\/uploads\/2022\/03\/omt-Noticias-300x26.jpg 300w, https:\/\/circuitosalta.com.ar\/wp-content\/uploads\/2022\/03\/omt-Noticias-768x67.jpg 768w, https:\/\/circuitosalta.com.ar\/wp-content\/uploads\/2022\/03\/omt-Noticias-1536x133.jpg 1536w, https:\/\/circuitosalta.com.ar\/wp-content\/uploads\/2022\/03\/omt-Noticias-696x60.jpg 696w, https:\/\/circuitosalta.com.ar\/wp-content\/uploads\/2022\/03\/omt-Noticias-1068x93.jpg 1068w, https:\/\/circuitosalta.com.ar\/wp-content\/uploads\/2022\/03\/omt-Noticias.jpg 1568w\" sizes=\"(max-width: 1024px) 100vw, 1024px\" \/><\/a><\/figure>\n","protected":false},"excerpt":{"rendered":"<p>Su santidad el Papa Francisco ha enviado un hist\u00f3rico mensaje de apoyo a la primera Cumbre Mundial de J\u00f3venes sobre Turismo de la OMT. En el arranque de la Cumbre en Sorrento (Italia), Su Santidad hizo un llamamiento a los j\u00f3venes participantes de forma que aprovechen al m\u00e1ximo esta oportunidad \u00fanica para conseguir el conocimiento [&hellip;]<\/p>\n","protected":false},"author":2,"featured_media":990,"comment_status":"open","ping_status":"open","sticky":false,"template":"","format":"standard","meta":{"tdm_status":"","tdm_grid_status":"","footnotes":""},"categories":[26,2,17],"tags":[],"class_list":{"0":"post-988","1":"post","2":"type-post","3":"status-publish","4":"format-standard","5":"has-post-thumbnail","7":"category-culturales","8":"category-religiosos","9":"category-sociales"},"_links":{"self":[{"href":"https:\/\/circuitosalta.com.ar\/index.php?rest_route=\/wp\/v2\/posts\/988"}],"collection":[{"href":"https:\/\/circuitosalta.com.ar\/index.php?rest_route=\/wp\/v2\/posts"}],"about":[{"href":"https:\/\/circuitosalta.com.ar\/index.php?rest_route=\/wp\/v2\/types\/post"}],"author":[{"embeddable":true,"href":"https:\/\/circuitosalta.com.ar\/index.php?rest_route=\/wp\/v2\/users\/2"}],"replies":[{"embeddable":true,"href":"https:\/\/circuitosalta.com.ar\/index.php?rest_route=%2Fwp%2Fv2%2Fcomments&post=988"}],"version-history":[{"count":2,"href":"https:\/\/circuitosalta.com.ar\/index.php?rest_route=\/wp\/v2\/posts\/988\/revisions"}],"predecessor-version":[{"id":995,"href":"https:\/\/circuitosalta.com.ar\/index.php?rest_route=\/wp\/v2\/posts\/988\/revisions\/995"}],"wp:featuredmedia":[{"embeddable":true,"href":"https:\/\/circuitosalta.com.ar\/index.php?rest_route=\/wp\/v2\/media\/990"}],"wp:attachment":[{"href":"https:\/\/circuitosalta.com.ar\/index.php?rest_route=%2Fwp%2Fv2%2Fmedia&parent=988"}],"wp:term":[{"taxonomy":"category","embeddable":true,"href":"https:\/\/circuitosalta.com.ar\/index.php?rest_route=%2Fwp%2Fv2%2Fcategories&post=988"},{"taxonomy":"post_tag","embeddable":true,"href":"https:\/\/circuitosalta.com.ar\/index.php?rest_route=%2Fwp%2Fv2%2Ftags&post=988"}],"curies":[{"name":"wp","href":"https:\/\/api.w.org\/{rel}","templated":true}]}}